{"id":8855,"date":"2025-08-04T09:54:01","date_gmt":"2025-08-04T07:54:01","guid":{"rendered":"https:\/\/mucbo.org\/una-mirada-fascinant-a-la-vida-subterrania-en-la-segona-conferencia-del-cicle-les-coves-uns-ambients-unics\/"},"modified":"2025-08-04T09:58:49","modified_gmt":"2025-08-04T07:58:49","slug":"una-mirada-fascinant-a-la-vida-subterrania-en-la-segona-conferencia-del-cicle-les-coves-uns-ambients-unics","status":"publish","type":"post","link":"https:\/\/mucbo.org\/es\/una-mirada-fascinant-a-la-vida-subterrania-en-la-segona-conferencia-del-cicle-les-coves-uns-ambients-unics\/","title":{"rendered":"Una mirada fascinante a la vida subterr\u00e1nea en la segunda conferencia del ciclo \u201cLas cuevas, unos ambientes \u00fanicos\u201d"},"content":{"rendered":"<p>El pasado 10 de julio celebramos el segundo encuentro del ciclo de conferencias <em>Las cuevas, unos ambientes \u00fanicos<\/em>, con una sesi\u00f3n dedicada a la bioespeleolog\u00eda, a cargo del naturalista y colaborador del MUCBO, Lluc Garcia.<\/p><p>Una treintena de personas asistieron a la conferencia, donde se adentraron en el apasionante mundo de la vida subterr\u00e1nea. Lluc Garcia explic\u00f3 qu\u00e9 adaptaciones presentan las especies que habitan en las cuevas: ojos atrofiados, falta de pigmentaci\u00f3n, sensibilidad extrema a los cambios ambientales, entre otras.<\/p><p>Adem\u00e1s, la sesi\u00f3n permiti\u00f3 descubrir el papel hist\u00f3rico y cient\u00edfico de Mallorca como territorio pionero en el estudio de la fauna subterr\u00e1nea, una aportaci\u00f3n clave en el \u00e1mbito de la bioespeleolog\u00eda a nivel internacional.<\/p><p>El encuentro despert\u00f3 mucho inter\u00e9s y dej\u00f3 ganas de m\u00e1s. \u00a1Por suerte, el ciclo continuar\u00e1 con actividades en agosto y septiembre!<\/p>","protected":false},"excerpt":{"rendered":"<p>El pasado 10 de julio celebramos el segundo encuentro del ciclo de conferencias Las cuevas, unos ambientes \u00fanicos, con una sesi\u00f3n dedicada a la bioespeleolog\u00eda, a cargo del naturalista y colaborador del MUCBO, Lluc Garcia. Una treintena de personas asistieron a la conferencia, donde se adentraron en el apasionante mundo de la vida subterr\u00e1nea. Lluc [&hellip;]<\/p>\n","protected":false},"author":4,"featured_media":8852,"comment_status":"closed","ping_status":"closed","sticky":false,"template":"","format":"standard","meta":{"_acf_changed":false,"footnotes":""},"categories":[136],"tags":[],"class_list":["post-8855","post","type-post","status-publish","format-standard","has-post-thumbnail","hentry","category-noticias"],"acf":[],"yoast_head":"<!-- This site is optimized with the Yoast SEO plugin v24.2 - https:\/\/yoast.com\/wordpress\/plugins\/seo\/ -->\n<title>Una mirada fascinante a la vida subterr\u00e1nea en la segunda conferencia del ciclo \u201cLas cuevas, unos ambientes \u00fanicos\u201d - MUCBO<\/title>\n<meta name=\"robots\" content=\"index, follow, max-snippet:-1, max-image-preview:large, max-video-preview:-1\" \/>\n<link rel=\"canonical\" href=\"https:\/\/mucbo.org\/es\/una-mirada-fascinant-a-la-vida-subterrania-en-la-segona-conferencia-del-cicle-les-coves-uns-ambients-unics\/\" \/>\n<meta property=\"og:locale\" content=\"es_ES\" \/>\n<meta property=\"og:type\" content=\"article\" \/>\n<meta property=\"og:title\" content=\"Una mirada fascinante a la vida subterr\u00e1nea en la segunda conferencia del ciclo \u201cLas cuevas, unos ambientes \u00fanicos\u201d - MUCBO\" \/>\n<meta property=\"og:description\" content=\"El pasado 10 de julio celebramos el segundo encuentro del ciclo de conferencias Las cuevas, unos ambientes \u00fanicos, con una sesi\u00f3n dedicada a la bioespeleolog\u00eda, a cargo del naturalista y colaborador del MUCBO, Lluc Garcia. Una treintena de personas asistieron a la conferencia, donde se adentraron en el apasionante mundo de la vida subterr\u00e1nea. Lluc [&hellip;]\" \/>\n<meta property=\"og:url\" content=\"https:\/\/mucbo.org\/es\/una-mirada-fascinant-a-la-vida-subterrania-en-la-segona-conferencia-del-cicle-les-coves-uns-ambients-unics\/\" \/>\n<meta property=\"og:site_name\" content=\"MUCBO\" \/>\n<meta property=\"article:published_time\" content=\"2025-08-04T07:54:01+00:00\" \/>\n<meta property=\"article:modified_time\" content=\"2025-08-04T07:58:49+00:00\" \/>\n<meta property=\"og:image\" content=\"https:\/\/mucbo.org\/wp-content\/uploads\/WhatsApp-Image-2025-07-10-at-19.14.01.jpeg\" \/>\n\t<meta property=\"og:image:width\" content=\"1680\" \/>\n\t<meta property=\"og:image:height\" content=\"1260\" \/>\n\t<meta property=\"og:image:type\" content=\"image\/jpeg\" \/>\n<meta name=\"author\" content=\"malena\" \/>\n<meta name=\"twitter:card\" content=\"summary_large_image\" \/>\n<meta name=\"twitter:label1\" content=\"Escrito por\" \/>\n\t<meta name=\"twitter:data1\" content=\"malena\" \/>\n\t<meta name=\"twitter:label2\" content=\"Tiempo de lectura\" \/>\n\t<meta name=\"twitter:data2\" content=\"1 minuto\" \/>\n<script type=\"application\/ld+json\" class=\"yoast-schema-graph\">{\"@context\":\"https:\/\/schema.org\",\"@graph\":[{\"@type\":\"WebPage\",\"@id\":\"https:\/\/mucbo.org\/es\/una-mirada-fascinant-a-la-vida-subterrania-en-la-segona-conferencia-del-cicle-les-coves-uns-ambients-unics\/\",\"url\":\"https:\/\/mucbo.org\/es\/una-mirada-fascinant-a-la-vida-subterrania-en-la-segona-conferencia-del-cicle-les-coves-uns-ambients-unics\/\",\"name\":\"Una mirada fascinante a la vida subterr\u00e1nea en la segunda conferencia del ciclo \u201cLas cuevas, unos ambientes \u00fanicos\u201d - MUCBO\",\"isPartOf\":{\"@id\":\"https:\/\/mucbo.org\/es\/#website\"},\"primaryImageOfPage\":{\"@id\":\"https:\/\/mucbo.org\/es\/una-mirada-fascinant-a-la-vida-subterrania-en-la-segona-conferencia-del-cicle-les-coves-uns-ambients-unics\/#primaryimage\"},\"image\":{\"@id\":\"https:\/\/mucbo.org\/es\/una-mirada-fascinant-a-la-vida-subterrania-en-la-segona-conferencia-del-cicle-les-coves-uns-ambients-unics\/#primaryimage\"},\"thumbnailUrl\":\"https:\/\/mucbo.org\/wp-content\/uploads\/WhatsApp-Image-2025-07-10-at-19.14.01.jpeg\",\"datePublished\":\"2025-08-04T07:54:01+00:00\",\"dateModified\":\"2025-08-04T07:58:49+00:00\",\"author\":{\"@id\":\"https:\/\/mucbo.org\/es\/#\/schema\/person\/6960a8294e5a404ddd31b1c8ef1a75b9\"},\"breadcrumb\":{\"@id\":\"https:\/\/mucbo.org\/es\/una-mirada-fascinant-a-la-vida-subterrania-en-la-segona-conferencia-del-cicle-les-coves-uns-ambients-unics\/#breadcrumb\"},\"inLanguage\":\"es\",\"potentialAction\":[{\"@type\":\"ReadAction\",\"target\":[\"https:\/\/mucbo.org\/es\/una-mirada-fascinant-a-la-vida-subterrania-en-la-segona-conferencia-del-cicle-les-coves-uns-ambients-unics\/\"]}]},{\"@type\":\"ImageObject\",\"inLanguage\":\"es\",\"@id\":\"https:\/\/mucbo.org\/es\/una-mirada-fascinant-a-la-vida-subterrania-en-la-segona-conferencia-del-cicle-les-coves-uns-ambients-unics\/#primaryimage\",\"url\":\"https:\/\/mucbo.org\/wp-content\/uploads\/WhatsApp-Image-2025-07-10-at-19.14.01.jpeg\",\"contentUrl\":\"https:\/\/mucbo.org\/wp-content\/uploads\/WhatsApp-Image-2025-07-10-at-19.14.01.jpeg\",\"width\":1680,\"height\":1260},{\"@type\":\"BreadcrumbList\",\"@id\":\"https:\/\/mucbo.org\/es\/una-mirada-fascinant-a-la-vida-subterrania-en-la-segona-conferencia-del-cicle-les-coves-uns-ambients-unics\/#breadcrumb\",\"itemListElement\":[{\"@type\":\"ListItem\",\"position\":1,\"name\":\"Inicio\",\"item\":\"https:\/\/mucbo.org\/es\/\"},{\"@type\":\"ListItem\",\"position\":2,\"name\":\"Una mirada fascinante a la vida subterr\u00e1nea en la segunda conferencia del ciclo \u201cLas cuevas, unos ambientes \u00fanicos\u201d\"}]},{\"@type\":\"WebSite\",\"@id\":\"https:\/\/mucbo.org\/es\/#website\",\"url\":\"https:\/\/mucbo.org\/es\/\",\"name\":\"MUCBO\",\"description\":\"Fundaci\u00f3 Jard\u00ed Bot\u00e0nic de S\u00f3ller - Museu Balear de Ci\u00e8ncies Naturals\",\"potentialAction\":[{\"@type\":\"SearchAction\",\"target\":{\"@type\":\"EntryPoint\",\"urlTemplate\":\"https:\/\/mucbo.org\/es\/?s={search_term_string}\"},\"query-input\":{\"@type\":\"PropertyValueSpecification\",\"valueRequired\":true,\"valueName\":\"search_term_string\"}}],\"inLanguage\":\"es\"},{\"@type\":\"Person\",\"@id\":\"https:\/\/mucbo.org\/es\/#\/schema\/person\/6960a8294e5a404ddd31b1c8ef1a75b9\",\"name\":\"malena\"}]}<\/script>\n<!-- \/ Yoast SEO plugin. -->","yoast_head_json":{"title":"Una mirada fascinante a la vida subterr\u00e1nea en la segunda conferencia del ciclo \u201cLas cuevas, unos ambientes \u00fanicos\u201d - MUCBO","robots":{"index":"index","follow":"follow","max-snippet":"max-snippet:-1","max-image-preview":"max-image-preview:large","max-video-preview":"max-video-preview:-1"},"canonical":"https:\/\/mucbo.org\/es\/una-mirada-fascinant-a-la-vida-subterrania-en-la-segona-conferencia-del-cicle-les-coves-uns-ambients-unics\/","og_locale":"es_ES","og_type":"article","og_title":"Una mirada fascinante a la vida subterr\u00e1nea en la segunda conferencia del ciclo \u201cLas cuevas, unos ambientes \u00fanicos\u201d - MUCBO","og_description":"El pasado 10 de julio celebramos el segundo encuentro del ciclo de conferencias Las cuevas, unos ambientes \u00fanicos, con una sesi\u00f3n dedicada a la bioespeleolog\u00eda, a cargo del naturalista y colaborador del MUCBO, Lluc Garcia. Una treintena de personas asistieron a la conferencia, donde se adentraron en el apasionante mundo de la vida subterr\u00e1nea. Lluc [&hellip;]","og_url":"https:\/\/mucbo.org\/es\/una-mirada-fascinant-a-la-vida-subterrania-en-la-segona-conferencia-del-cicle-les-coves-uns-ambients-unics\/","og_site_name":"MUCBO","article_published_time":"2025-08-04T07:54:01+00:00","article_modified_time":"2025-08-04T07:58:49+00:00","og_image":[{"width":1680,"height":1260,"url":"https:\/\/mucbo.org\/wp-content\/uploads\/WhatsApp-Image-2025-07-10-at-19.14.01.jpeg","type":"image\/jpeg"}],"author":"malena","twitter_card":"summary_large_image","twitter_misc":{"Escrito por":"malena","Tiempo de lectura":"1 minuto"},"schema":{"@context":"https:\/\/schema.org","@graph":[{"@type":"WebPage","@id":"https:\/\/mucbo.org\/es\/una-mirada-fascinant-a-la-vida-subterrania-en-la-segona-conferencia-del-cicle-les-coves-uns-ambients-unics\/","url":"https:\/\/mucbo.org\/es\/una-mirada-fascinant-a-la-vida-subterrania-en-la-segona-conferencia-del-cicle-les-coves-uns-ambients-unics\/","name":"Una mirada fascinante a la vida subterr\u00e1nea en la segunda conferencia del ciclo \u201cLas cuevas, unos ambientes \u00fanicos\u201d - MUCBO","isPartOf":{"@id":"https:\/\/mucbo.org\/es\/#website"},"primaryImageOfPage":{"@id":"https:\/\/mucbo.org\/es\/una-mirada-fascinant-a-la-vida-subterrania-en-la-segona-conferencia-del-cicle-les-coves-uns-ambients-unics\/#primaryimage"},"image":{"@id":"https:\/\/mucbo.org\/es\/una-mirada-fascinant-a-la-vida-subterrania-en-la-segona-conferencia-del-cicle-les-coves-uns-ambients-unics\/#primaryimage"},"thumbnailUrl":"https:\/\/mucbo.org\/wp-content\/uploads\/WhatsApp-Image-2025-07-10-at-19.14.01.jpeg","datePublished":"2025-08-04T07:54:01+00:00","dateModified":"2025-08-04T07:58:49+00:00","author":{"@id":"https:\/\/mucbo.org\/es\/#\/schema\/person\/6960a8294e5a404ddd31b1c8ef1a75b9"},"breadcrumb":{"@id":"https:\/\/mucbo.org\/es\/una-mirada-fascinant-a-la-vida-subterrania-en-la-segona-conferencia-del-cicle-les-coves-uns-ambients-unics\/#breadcrumb"},"inLanguage":"es","potentialAction":[{"@type":"ReadAction","target":["https:\/\/mucbo.org\/es\/una-mirada-fascinant-a-la-vida-subterrania-en-la-segona-conferencia-del-cicle-les-coves-uns-ambients-unics\/"]}]},{"@type":"ImageObject","inLanguage":"es","@id":"https:\/\/mucbo.org\/es\/una-mirada-fascinant-a-la-vida-subterrania-en-la-segona-conferencia-del-cicle-les-coves-uns-ambients-unics\/#primaryimage","url":"https:\/\/mucbo.org\/wp-content\/uploads\/WhatsApp-Image-2025-07-10-at-19.14.01.jpeg","contentUrl":"https:\/\/mucbo.org\/wp-content\/uploads\/WhatsApp-Image-2025-07-10-at-19.14.01.jpeg","width":1680,"height":1260},{"@type":"BreadcrumbList","@id":"https:\/\/mucbo.org\/es\/una-mirada-fascinant-a-la-vida-subterrania-en-la-segona-conferencia-del-cicle-les-coves-uns-ambients-unics\/#breadcrumb","itemListElement":[{"@type":"ListItem","position":1,"name":"Inicio","item":"https:\/\/mucbo.org\/es\/"},{"@type":"ListItem","position":2,"name":"Una mirada fascinante a la vida subterr\u00e1nea en la segunda conferencia del ciclo \u201cLas cuevas, unos ambientes \u00fanicos\u201d"}]},{"@type":"WebSite","@id":"https:\/\/mucbo.org\/es\/#website","url":"https:\/\/mucbo.org\/es\/","name":"MUCBO","description":"Fundaci\u00f3 Jard\u00ed Bot\u00e0nic de S\u00f3ller - Museu Balear de Ci\u00e8ncies Naturals","potentialAction":[{"@type":"SearchAction","target":{"@type":"EntryPoint","urlTemplate":"https:\/\/mucbo.org\/es\/?s={search_term_string}"},"query-input":{"@type":"PropertyValueSpecification","valueRequired":true,"valueName":"search_term_string"}}],"inLanguage":"es"},{"@type":"Person","@id":"https:\/\/mucbo.org\/es\/#\/schema\/person\/6960a8294e5a404ddd31b1c8ef1a75b9","name":"malena"}]}},"_links":{"self":[{"href":"https:\/\/mucbo.org\/es\/wp-json\/wp\/v2\/posts\/8855","targetHints":{"allow":["GET"]}}],"collection":[{"href":"https:\/\/mucbo.org\/es\/wp-json\/wp\/v2\/posts"}],"about":[{"href":"https:\/\/mucbo.org\/es\/wp-json\/wp\/v2\/types\/post"}],"author":[{"embeddable":true,"href":"https:\/\/mucbo.org\/es\/wp-json\/wp\/v2\/users\/4"}],"replies":[{"embeddable":true,"href":"https:\/\/mucbo.org\/es\/wp-json\/wp\/v2\/comments?post=8855"}],"version-history":[{"count":1,"href":"https:\/\/mucbo.org\/es\/wp-json\/wp\/v2\/posts\/8855\/revisions"}],"predecessor-version":[{"id":8856,"href":"https:\/\/mucbo.org\/es\/wp-json\/wp\/v2\/posts\/8855\/revisions\/8856"}],"wp:featuredmedia":[{"embeddable":true,"href":"https:\/\/mucbo.org\/es\/wp-json\/wp\/v2\/media\/8852"}],"wp:attachment":[{"href":"https:\/\/mucbo.org\/es\/wp-json\/wp\/v2\/media?parent=8855"}],"wp:term":[{"taxonomy":"category","embeddable":true,"href":"https:\/\/mucbo.org\/es\/wp-json\/wp\/v2\/categories?post=8855"},{"taxonomy":"post_tag","embeddable":true,"href":"https:\/\/mucbo.org\/es\/wp-json\/wp\/v2\/tags?post=8855"}],"curies":[{"name":"wp","href":"https:\/\/api.w.org\/{rel}","templated":true}]}}