{"id":8836,"date":"2025-08-04T09:36:38","date_gmt":"2025-08-04T07:36:38","guid":{"rendered":"https:\/\/mucbo.org\/benestar-al-jardi-limas-participa-en-un-bany-de-bosc-al-botanic\/"},"modified":"2025-08-04T09:41:16","modified_gmt":"2025-08-04T07:41:16","slug":"benestar-al-jardi-limas-participa-en-un-bany-de-bosc-al-botanic","status":"publish","type":"post","link":"https:\/\/mucbo.org\/es\/benestar-al-jardi-limas-participa-en-un-bany-de-bosc-al-botanic\/","title":{"rendered":"Bienestar en el Jard\u00edn: el IMAS participa en un ba\u00f1o de bosque en el Bot\u00e1nico"},"content":{"rendered":"<p>El pasado 4 de julio, un grupo de profesionales del <strong>Instituto Mallorqu\u00edn de Asuntos Sociales (IMAS) <\/strong>disfrut\u00f3 de una actividad de <strong>ba\u00f1o de bosque<\/strong> en el MUCBO | Jard\u00edn Bot\u00e1nico, guiada por la gu\u00eda certificada de ba\u00f1os de bosque <strong>Malena Bibiloni<\/strong>. Este encuentro se plante\u00f3 como una experiencia de bienestar y conexi\u00f3n con la naturaleza en un entorno privilegiado.<\/p><p>Aunque no forma parte de la oferta habitual del MUCBO, actividades como esta demuestran el potencial del Jard\u00edn como espacio de salud y crecimiento personal, y ponen en valor otra forma de relacionarse con las colecciones y con la naturaleza en general.<\/p><p>Que una instituci\u00f3n como el IMAS apueste por esta pr\u00e1ctica como herramienta para favorecer el bienestar emocional y la cohesi\u00f3n grupal, da confianza y legitimidad a propuestas que exploran la naturaleza como fuente de salud.<\/p><p>Desde el MUCBO, nos alegra haber acogido esta experiencia y contribuir, desde el jard\u00edn, a una visi\u00f3n m\u00e1s hol\u00edstica y humana de la naturaleza.<\/p>","protected":false},"excerpt":{"rendered":"<p>El pasado 4 de julio, un grupo de profesionales del Instituto Mallorqu\u00edn de Asuntos Sociales (IMAS) disfrut\u00f3 de una actividad de ba\u00f1o de bosque en el MUCBO | Jard\u00edn Bot\u00e1nico, guiada por la gu\u00eda certificada de ba\u00f1os de bosque Malena Bibiloni. Este encuentro se plante\u00f3 como una experiencia de bienestar y conexi\u00f3n con la naturaleza [&hellip;]<\/p>\n","protected":false},"author":4,"featured_media":8833,"comment_status":"closed","ping_status":"closed","sticky":false,"template":"","format":"standard","meta":{"_acf_changed":false,"footnotes":""},"categories":[136],"tags":[],"class_list":["post-8836","post","type-post","status-publish","format-standard","has-post-thumbnail","hentry","category-noticias"],"acf":[],"yoast_head":"<!-- This site is optimized with the Yoast SEO plugin v24.2 - https:\/\/yoast.com\/wordpress\/plugins\/seo\/ -->\n<title>Bienestar en el Jard\u00edn: el IMAS participa en un ba\u00f1o de bosque en el Bot\u00e1nico - MUCBO<\/title>\n<meta name=\"robots\" content=\"index, follow, max-snippet:-1, max-image-preview:large, max-video-preview:-1\" \/>\n<link rel=\"canonical\" href=\"https:\/\/mucbo.org\/es\/benestar-al-jardi-limas-participa-en-un-bany-de-bosc-al-botanic\/\" \/>\n<meta property=\"og:locale\" content=\"es_ES\" \/>\n<meta property=\"og:type\" content=\"article\" \/>\n<meta property=\"og:title\" content=\"Bienestar en el Jard\u00edn: el IMAS participa en un ba\u00f1o de bosque en el Bot\u00e1nico - MUCBO\" \/>\n<meta property=\"og:description\" content=\"El pasado 4 de julio, un grupo de profesionales del Instituto Mallorqu\u00edn de Asuntos Sociales (IMAS) disfrut\u00f3 de una actividad de ba\u00f1o de bosque en el MUCBO | Jard\u00edn Bot\u00e1nico, guiada por la gu\u00eda certificada de ba\u00f1os de bosque Malena Bibiloni. Este encuentro se plante\u00f3 como una experiencia de bienestar y conexi\u00f3n con la naturaleza [&hellip;]\" \/>\n<meta property=\"og:url\" content=\"https:\/\/mucbo.org\/es\/benestar-al-jardi-limas-participa-en-un-bany-de-bosc-al-botanic\/\" \/>\n<meta property=\"og:site_name\" content=\"MUCBO\" \/>\n<meta property=\"article:published_time\" content=\"2025-08-04T07:36:38+00:00\" \/>\n<meta property=\"article:modified_time\" content=\"2025-08-04T07:41:16+00:00\" \/>\n<meta property=\"og:image\" content=\"https:\/\/mucbo.org\/wp-content\/uploads\/WhatsApp-Image-2025-07-04-at-12.01.58.jpeg\" \/>\n\t<meta property=\"og:image:width\" content=\"945\" \/>\n\t<meta property=\"og:image:height\" content=\"1260\" \/>\n\t<meta property=\"og:image:type\" content=\"image\/jpeg\" \/>\n<meta name=\"author\" content=\"malena\" \/>\n<meta name=\"twitter:card\" content=\"summary_large_image\" \/>\n<meta name=\"twitter:label1\" content=\"Escrito por\" \/>\n\t<meta name=\"twitter:data1\" content=\"malena\" \/>\n\t<meta name=\"twitter:label2\" content=\"Tiempo de lectura\" \/>\n\t<meta name=\"twitter:data2\" content=\"1 minuto\" \/>\n<script type=\"application\/ld+json\" class=\"yoast-schema-graph\">{\"@context\":\"https:\/\/schema.org\",\"@graph\":[{\"@type\":\"WebPage\",\"@id\":\"https:\/\/mucbo.org\/es\/benestar-al-jardi-limas-participa-en-un-bany-de-bosc-al-botanic\/\",\"url\":\"https:\/\/mucbo.org\/es\/benestar-al-jardi-limas-participa-en-un-bany-de-bosc-al-botanic\/\",\"name\":\"Bienestar en el Jard\u00edn: el IMAS participa en un ba\u00f1o de bosque en el Bot\u00e1nico - MUCBO\",\"isPartOf\":{\"@id\":\"https:\/\/mucbo.org\/es\/#website\"},\"primaryImageOfPage\":{\"@id\":\"https:\/\/mucbo.org\/es\/benestar-al-jardi-limas-participa-en-un-bany-de-bosc-al-botanic\/#primaryimage\"},\"image\":{\"@id\":\"https:\/\/mucbo.org\/es\/benestar-al-jardi-limas-participa-en-un-bany-de-bosc-al-botanic\/#primaryimage\"},\"thumbnailUrl\":\"https:\/\/mucbo.org\/wp-content\/uploads\/WhatsApp-Image-2025-07-04-at-12.01.58-e1754294213686.jpeg\",\"datePublished\":\"2025-08-04T07:36:38+00:00\",\"dateModified\":\"2025-08-04T07:41:16+00:00\",\"author\":{\"@id\":\"https:\/\/mucbo.org\/es\/#\/schema\/person\/6960a8294e5a404ddd31b1c8ef1a75b9\"},\"breadcrumb\":{\"@id\":\"https:\/\/mucbo.org\/es\/benestar-al-jardi-limas-participa-en-un-bany-de-bosc-al-botanic\/#breadcrumb\"},\"inLanguage\":\"es\",\"potentialAction\":[{\"@type\":\"ReadAction\",\"target\":[\"https:\/\/mucbo.org\/es\/benestar-al-jardi-limas-participa-en-un-bany-de-bosc-al-botanic\/\"]}]},{\"@type\":\"ImageObject\",\"inLanguage\":\"es\",\"@id\":\"https:\/\/mucbo.org\/es\/benestar-al-jardi-limas-participa-en-un-bany-de-bosc-al-botanic\/#primaryimage\",\"url\":\"https:\/\/mucbo.org\/wp-content\/uploads\/WhatsApp-Image-2025-07-04-at-12.01.58-e1754294213686.jpeg\",\"contentUrl\":\"https:\/\/mucbo.org\/wp-content\/uploads\/WhatsApp-Image-2025-07-04-at-12.01.58-e1754294213686.jpeg\",\"width\":945,\"height\":1260},{\"@type\":\"BreadcrumbList\",\"@id\":\"https:\/\/mucbo.org\/es\/benestar-al-jardi-limas-participa-en-un-bany-de-bosc-al-botanic\/#breadcrumb\",\"itemListElement\":[{\"@type\":\"ListItem\",\"position\":1,\"name\":\"Inicio\",\"item\":\"https:\/\/mucbo.org\/es\/\"},{\"@type\":\"ListItem\",\"position\":2,\"name\":\"Bienestar en el Jard\u00edn: el IMAS participa en un ba\u00f1o de bosque en el Bot\u00e1nico\"}]},{\"@type\":\"WebSite\",\"@id\":\"https:\/\/mucbo.org\/es\/#website\",\"url\":\"https:\/\/mucbo.org\/es\/\",\"name\":\"MUCBO\",\"description\":\"Fundaci\u00f3 Jard\u00ed Bot\u00e0nic de S\u00f3ller - Museu Balear de Ci\u00e8ncies Naturals\",\"potentialAction\":[{\"@type\":\"SearchAction\",\"target\":{\"@type\":\"EntryPoint\",\"urlTemplate\":\"https:\/\/mucbo.org\/es\/?s={search_term_string}\"},\"query-input\":{\"@type\":\"PropertyValueSpecification\",\"valueRequired\":true,\"valueName\":\"search_term_string\"}}],\"inLanguage\":\"es\"},{\"@type\":\"Person\",\"@id\":\"https:\/\/mucbo.org\/es\/#\/schema\/person\/6960a8294e5a404ddd31b1c8ef1a75b9\",\"name\":\"malena\"}]}<\/script>\n<!-- \/ Yoast SEO plugin. -->","yoast_head_json":{"title":"Bienestar en el Jard\u00edn: el IMAS participa en un ba\u00f1o de bosque en el Bot\u00e1nico - MUCBO","robots":{"index":"index","follow":"follow","max-snippet":"max-snippet:-1","max-image-preview":"max-image-preview:large","max-video-preview":"max-video-preview:-1"},"canonical":"https:\/\/mucbo.org\/es\/benestar-al-jardi-limas-participa-en-un-bany-de-bosc-al-botanic\/","og_locale":"es_ES","og_type":"article","og_title":"Bienestar en el Jard\u00edn: el IMAS participa en un ba\u00f1o de bosque en el Bot\u00e1nico - MUCBO","og_description":"El pasado 4 de julio, un grupo de profesionales del Instituto Mallorqu\u00edn de Asuntos Sociales (IMAS) disfrut\u00f3 de una actividad de ba\u00f1o de bosque en el MUCBO | Jard\u00edn Bot\u00e1nico, guiada por la gu\u00eda certificada de ba\u00f1os de bosque Malena Bibiloni. Este encuentro se plante\u00f3 como una experiencia de bienestar y conexi\u00f3n con la naturaleza [&hellip;]","og_url":"https:\/\/mucbo.org\/es\/benestar-al-jardi-limas-participa-en-un-bany-de-bosc-al-botanic\/","og_site_name":"MUCBO","article_published_time":"2025-08-04T07:36:38+00:00","article_modified_time":"2025-08-04T07:41:16+00:00","og_image":[{"width":945,"height":1260,"url":"https:\/\/mucbo.org\/wp-content\/uploads\/WhatsApp-Image-2025-07-04-at-12.01.58.jpeg","type":"image\/jpeg"}],"author":"malena","twitter_card":"summary_large_image","twitter_misc":{"Escrito por":"malena","Tiempo de lectura":"1 minuto"},"schema":{"@context":"https:\/\/schema.org","@graph":[{"@type":"WebPage","@id":"https:\/\/mucbo.org\/es\/benestar-al-jardi-limas-participa-en-un-bany-de-bosc-al-botanic\/","url":"https:\/\/mucbo.org\/es\/benestar-al-jardi-limas-participa-en-un-bany-de-bosc-al-botanic\/","name":"Bienestar en el Jard\u00edn: el IMAS participa en un ba\u00f1o de bosque en el Bot\u00e1nico - MUCBO","isPartOf":{"@id":"https:\/\/mucbo.org\/es\/#website"},"primaryImageOfPage":{"@id":"https:\/\/mucbo.org\/es\/benestar-al-jardi-limas-participa-en-un-bany-de-bosc-al-botanic\/#primaryimage"},"image":{"@id":"https:\/\/mucbo.org\/es\/benestar-al-jardi-limas-participa-en-un-bany-de-bosc-al-botanic\/#primaryimage"},"thumbnailUrl":"https:\/\/mucbo.org\/wp-content\/uploads\/WhatsApp-Image-2025-07-04-at-12.01.58-e1754294213686.jpeg","datePublished":"2025-08-04T07:36:38+00:00","dateModified":"2025-08-04T07:41:16+00:00","author":{"@id":"https:\/\/mucbo.org\/es\/#\/schema\/person\/6960a8294e5a404ddd31b1c8ef1a75b9"},"breadcrumb":{"@id":"https:\/\/mucbo.org\/es\/benestar-al-jardi-limas-participa-en-un-bany-de-bosc-al-botanic\/#breadcrumb"},"inLanguage":"es","potentialAction":[{"@type":"ReadAction","target":["https:\/\/mucbo.org\/es\/benestar-al-jardi-limas-participa-en-un-bany-de-bosc-al-botanic\/"]}]},{"@type":"ImageObject","inLanguage":"es","@id":"https:\/\/mucbo.org\/es\/benestar-al-jardi-limas-participa-en-un-bany-de-bosc-al-botanic\/#primaryimage","url":"https:\/\/mucbo.org\/wp-content\/uploads\/WhatsApp-Image-2025-07-04-at-12.01.58-e1754294213686.jpeg","contentUrl":"https:\/\/mucbo.org\/wp-content\/uploads\/WhatsApp-Image-2025-07-04-at-12.01.58-e1754294213686.jpeg","width":945,"height":1260},{"@type":"BreadcrumbList","@id":"https:\/\/mucbo.org\/es\/benestar-al-jardi-limas-participa-en-un-bany-de-bosc-al-botanic\/#breadcrumb","itemListElement":[{"@type":"ListItem","position":1,"name":"Inicio","item":"https:\/\/mucbo.org\/es\/"},{"@type":"ListItem","position":2,"name":"Bienestar en el Jard\u00edn: el IMAS participa en un ba\u00f1o de bosque en el Bot\u00e1nico"}]},{"@type":"WebSite","@id":"https:\/\/mucbo.org\/es\/#website","url":"https:\/\/mucbo.org\/es\/","name":"MUCBO","description":"Fundaci\u00f3 Jard\u00ed Bot\u00e0nic de S\u00f3ller - Museu Balear de Ci\u00e8ncies Naturals","potentialAction":[{"@type":"SearchAction","target":{"@type":"EntryPoint","urlTemplate":"https:\/\/mucbo.org\/es\/?s={search_term_string}"},"query-input":{"@type":"PropertyValueSpecification","valueRequired":true,"valueName":"search_term_string"}}],"inLanguage":"es"},{"@type":"Person","@id":"https:\/\/mucbo.org\/es\/#\/schema\/person\/6960a8294e5a404ddd31b1c8ef1a75b9","name":"malena"}]}},"_links":{"self":[{"href":"https:\/\/mucbo.org\/es\/wp-json\/wp\/v2\/posts\/8836","targetHints":{"allow":["GET"]}}],"collection":[{"href":"https:\/\/mucbo.org\/es\/wp-json\/wp\/v2\/posts"}],"about":[{"href":"https:\/\/mucbo.org\/es\/wp-json\/wp\/v2\/types\/post"}],"author":[{"embeddable":true,"href":"https:\/\/mucbo.org\/es\/wp-json\/wp\/v2\/users\/4"}],"replies":[{"embeddable":true,"href":"https:\/\/mucbo.org\/es\/wp-json\/wp\/v2\/comments?post=8836"}],"version-history":[{"count":1,"href":"https:\/\/mucbo.org\/es\/wp-json\/wp\/v2\/posts\/8836\/revisions"}],"predecessor-version":[{"id":8837,"href":"https:\/\/mucbo.org\/es\/wp-json\/wp\/v2\/posts\/8836\/revisions\/8837"}],"wp:featuredmedia":[{"embeddable":true,"href":"https:\/\/mucbo.org\/es\/wp-json\/wp\/v2\/media\/8833"}],"wp:attachment":[{"href":"https:\/\/mucbo.org\/es\/wp-json\/wp\/v2\/media?parent=8836"}],"wp:term":[{"taxonomy":"category","embeddable":true,"href":"https:\/\/mucbo.org\/es\/wp-json\/wp\/v2\/categories?post=8836"},{"taxonomy":"post_tag","embeddable":true,"href":"https:\/\/mucbo.org\/es\/wp-json\/wp\/v2\/tags?post=8836"}],"curies":[{"name":"wp","href":"https:\/\/api.w.org\/{rel}","templated":true}]}}