{"id":8068,"date":"2025-05-26T11:15:13","date_gmt":"2025-05-26T09:15:13","guid":{"rendered":"https:\/\/mucbo.org\/conferencia-roca-aigua-i-temps-les-coves-subaquatiques-de-mallorca\/"},"modified":"2025-05-26T11:24:20","modified_gmt":"2025-05-26T09:24:20","slug":"conferencia-roca-aigua-i-temps-les-coves-subaquatiques-de-mallorca","status":"publish","type":"post","link":"https:\/\/mucbo.org\/es\/conferencia-roca-aigua-i-temps-les-coves-subaquatiques-de-mallorca\/","title":{"rendered":"Confer\u00e8ncia: ROCA, AIGUA I TEMPS: LES COVES SUBAQU\u00c0TIQUES DE MALLORCA"},"content":{"rendered":"<p>Iniciamos el ciclo<strong> de conferencias \u00abLES COVES, UNS AMBIENTS \u00daNICS\u00bb<\/strong>, con el espele\u00f3logo <strong>Dr. Xisco Gr\u00e0cia<\/strong>.<\/p><p>Gr\u00e0cia nos hablar\u00e1 sobre los descubrimientos realizados durante las \u00faltimas tres d\u00e9cadas, que han permitido la exploraci\u00f3n de los sistemas espeleol\u00f3gicos m\u00e1s extensos de la isla, situando las cavidades subacu\u00e1ticas de Mallorca como referentes en el estudio de las cuevas litorales tanto en Espa\u00f1a como en Europa.<\/p><p>Estas cavidades constituyen espacios excepcionales para el estudio de la evoluci\u00f3n del modelado k\u00e1rstico y su relaci\u00f3n con las oscilaciones del nivel del mar a lo largo del tiempo. Las formaciones geol\u00f3gicas que presentan en su interior, resultado de procesos de disoluci\u00f3n y precipitaci\u00f3n, son de gran inter\u00e9s cient\u00edfico y de una notable belleza. Adem\u00e1s, algunas de estas cuevas son yacimientos paleontol\u00f3gicos y arqueol\u00f3gicos de gran relevancia, y albergan especies \u00fanicas y end\u00e9micas, perfectamente adaptadas a ambientes extremos.<\/p><p>Se trata, sin embargo, de entornos fr\u00e1giles, altamente vulnerables a la contaminaci\u00f3n y a las actividades humanas. Por ello, su protecci\u00f3n y conservaci\u00f3n constituye una necesidad prioritaria, ya que forman parte importante del patrimonio natural de Mallorca.<\/p><p><em>Actividad financiada por la Fundaci\u00f3n Espa\u00f1ola para la Ciencia y Tecnolog\u00eda, F.S.P. (FECYT), Ministerio de Ciencia, Innovaci\u00f3n y Universidades i la Conselleria d\u2019Educaci\u00f3 i Universitat.<\/em><\/p>","protected":false},"excerpt":{"rendered":"<p>Iniciamos el ciclo de conferencias \u00abLES COVES, UNS AMBIENTS \u00daNICS\u00bb, con el espele\u00f3logo Dr. Xisco Gr\u00e0cia. Gr\u00e0cia nos hablar\u00e1 sobre los descubrimientos realizados durante las \u00faltimas tres d\u00e9cadas, que han permitido la exploraci\u00f3n de los sistemas espeleol\u00f3gicos m\u00e1s extensos de la isla, situando las cavidades subacu\u00e1ticas de Mallorca como referentes en el estudio de las [&hellip;]<\/p>\n","protected":false},"author":4,"featured_media":8065,"comment_status":"closed","ping_status":"closed","sticky":false,"template":"","format":"standard","meta":{"_acf_changed":false,"footnotes":""},"categories":[134,132],"tags":[],"class_list":["post-8068","post","type-post","status-publish","format-standard","has-post-thumbnail","hentry","category-actividades-pasadas","category-agenda"],"acf":[],"yoast_head":"<!-- This site is optimized with the Yoast SEO plugin v24.2 - https:\/\/yoast.com\/wordpress\/plugins\/seo\/ -->\n<title>Confer\u00e8ncia: ROCA, AIGUA I TEMPS: LES COVES SUBAQU\u00c0TIQUES DE MALLORCA - MUCBO<\/title>\n<meta name=\"robots\" content=\"index, follow, max-snippet:-1, max-image-preview:large, max-video-preview:-1\" \/>\n<link rel=\"canonical\" href=\"https:\/\/mucbo.org\/es\/conferencia-roca-aigua-i-temps-les-coves-subaquatiques-de-mallorca\/\" \/>\n<meta property=\"og:locale\" content=\"es_ES\" \/>\n<meta property=\"og:type\" content=\"article\" \/>\n<meta property=\"og:title\" content=\"Confer\u00e8ncia: ROCA, AIGUA I TEMPS: LES COVES SUBAQU\u00c0TIQUES DE MALLORCA - MUCBO\" \/>\n<meta property=\"og:description\" content=\"Iniciamos el ciclo de conferencias \u00abLES COVES, UNS AMBIENTS \u00daNICS\u00bb, con el espele\u00f3logo Dr. Xisco Gr\u00e0cia. Gr\u00e0cia nos hablar\u00e1 sobre los descubrimientos realizados durante las \u00faltimas tres d\u00e9cadas, que han permitido la exploraci\u00f3n de los sistemas espeleol\u00f3gicos m\u00e1s extensos de la isla, situando las cavidades subacu\u00e1ticas de Mallorca como referentes en el estudio de las [&hellip;]\" \/>\n<meta property=\"og:url\" content=\"https:\/\/mucbo.org\/es\/conferencia-roca-aigua-i-temps-les-coves-subaquatiques-de-mallorca\/\" \/>\n<meta property=\"og:site_name\" content=\"MUCBO\" \/>\n<meta property=\"article:published_time\" content=\"2025-05-26T09:15:13+00:00\" \/>\n<meta property=\"article:modified_time\" content=\"2025-05-26T09:24:20+00:00\" \/>\n<meta property=\"og:image\" content=\"https:\/\/mucbo.org\/wp-content\/uploads\/2025-Conferencies-xerrades-i-presentacions-de-llibres-MUCBO-6.jpg\" \/>\n\t<meta property=\"og:image:width\" content=\"1080\" \/>\n\t<meta property=\"og:image:height\" content=\"1080\" \/>\n\t<meta property=\"og:image:type\" content=\"image\/jpeg\" \/>\n<meta name=\"author\" content=\"malena\" \/>\n<meta name=\"twitter:card\" content=\"summary_large_image\" \/>\n<meta name=\"twitter:label1\" content=\"Escrito por\" \/>\n\t<meta name=\"twitter:data1\" content=\"malena\" \/>\n\t<meta name=\"twitter:label2\" content=\"Tiempo de lectura\" \/>\n\t<meta name=\"twitter:data2\" content=\"2 minutos\" \/>\n<script type=\"application\/ld+json\" class=\"yoast-schema-graph\">{\"@context\":\"https:\/\/schema.org\",\"@graph\":[{\"@type\":\"WebPage\",\"@id\":\"https:\/\/mucbo.org\/es\/conferencia-roca-aigua-i-temps-les-coves-subaquatiques-de-mallorca\/\",\"url\":\"https:\/\/mucbo.org\/es\/conferencia-roca-aigua-i-temps-les-coves-subaquatiques-de-mallorca\/\",\"name\":\"Confer\u00e8ncia: ROCA, AIGUA I TEMPS: LES COVES SUBAQU\u00c0TIQUES DE MALLORCA - MUCBO\",\"isPartOf\":{\"@id\":\"https:\/\/mucbo.org\/es\/#website\"},\"primaryImageOfPage\":{\"@id\":\"https:\/\/mucbo.org\/es\/conferencia-roca-aigua-i-temps-les-coves-subaquatiques-de-mallorca\/#primaryimage\"},\"image\":{\"@id\":\"https:\/\/mucbo.org\/es\/conferencia-roca-aigua-i-temps-les-coves-subaquatiques-de-mallorca\/#primaryimage\"},\"thumbnailUrl\":\"https:\/\/mucbo.org\/wp-content\/uploads\/2025-Conferencies-xerrades-i-presentacions-de-llibres-MUCBO-6.jpg\",\"datePublished\":\"2025-05-26T09:15:13+00:00\",\"dateModified\":\"2025-05-26T09:24:20+00:00\",\"author\":{\"@id\":\"https:\/\/mucbo.org\/es\/#\/schema\/person\/6960a8294e5a404ddd31b1c8ef1a75b9\"},\"breadcrumb\":{\"@id\":\"https:\/\/mucbo.org\/es\/conferencia-roca-aigua-i-temps-les-coves-subaquatiques-de-mallorca\/#breadcrumb\"},\"inLanguage\":\"es\",\"potentialAction\":[{\"@type\":\"ReadAction\",\"target\":[\"https:\/\/mucbo.org\/es\/conferencia-roca-aigua-i-temps-les-coves-subaquatiques-de-mallorca\/\"]}]},{\"@type\":\"ImageObject\",\"inLanguage\":\"es\",\"@id\":\"https:\/\/mucbo.org\/es\/conferencia-roca-aigua-i-temps-les-coves-subaquatiques-de-mallorca\/#primaryimage\",\"url\":\"https:\/\/mucbo.org\/wp-content\/uploads\/2025-Conferencies-xerrades-i-presentacions-de-llibres-MUCBO-6.jpg\",\"contentUrl\":\"https:\/\/mucbo.org\/wp-content\/uploads\/2025-Conferencies-xerrades-i-presentacions-de-llibres-MUCBO-6.jpg\",\"width\":1080,\"height\":1080},{\"@type\":\"BreadcrumbList\",\"@id\":\"https:\/\/mucbo.org\/es\/conferencia-roca-aigua-i-temps-les-coves-subaquatiques-de-mallorca\/#breadcrumb\",\"itemListElement\":[{\"@type\":\"ListItem\",\"position\":1,\"name\":\"Inicio\",\"item\":\"https:\/\/mucbo.org\/es\/\"},{\"@type\":\"ListItem\",\"position\":2,\"name\":\"Confer\u00e8ncia: ROCA, AIGUA I TEMPS: LES COVES SUBAQU\u00c0TIQUES DE MALLORCA\"}]},{\"@type\":\"WebSite\",\"@id\":\"https:\/\/mucbo.org\/es\/#website\",\"url\":\"https:\/\/mucbo.org\/es\/\",\"name\":\"MUCBO\",\"description\":\"Fundaci\u00f3 Jard\u00ed Bot\u00e0nic de S\u00f3ller - Museu Balear de Ci\u00e8ncies Naturals\",\"potentialAction\":[{\"@type\":\"SearchAction\",\"target\":{\"@type\":\"EntryPoint\",\"urlTemplate\":\"https:\/\/mucbo.org\/es\/?s={search_term_string}\"},\"query-input\":{\"@type\":\"PropertyValueSpecification\",\"valueRequired\":true,\"valueName\":\"search_term_string\"}}],\"inLanguage\":\"es\"},{\"@type\":\"Person\",\"@id\":\"https:\/\/mucbo.org\/es\/#\/schema\/person\/6960a8294e5a404ddd31b1c8ef1a75b9\",\"name\":\"malena\"}]}<\/script>\n<!-- \/ Yoast SEO plugin. -->","yoast_head_json":{"title":"Confer\u00e8ncia: ROCA, AIGUA I TEMPS: LES COVES SUBAQU\u00c0TIQUES DE MALLORCA - MUCBO","robots":{"index":"index","follow":"follow","max-snippet":"max-snippet:-1","max-image-preview":"max-image-preview:large","max-video-preview":"max-video-preview:-1"},"canonical":"https:\/\/mucbo.org\/es\/conferencia-roca-aigua-i-temps-les-coves-subaquatiques-de-mallorca\/","og_locale":"es_ES","og_type":"article","og_title":"Confer\u00e8ncia: ROCA, AIGUA I TEMPS: LES COVES SUBAQU\u00c0TIQUES DE MALLORCA - MUCBO","og_description":"Iniciamos el ciclo de conferencias \u00abLES COVES, UNS AMBIENTS \u00daNICS\u00bb, con el espele\u00f3logo Dr. Xisco Gr\u00e0cia. Gr\u00e0cia nos hablar\u00e1 sobre los descubrimientos realizados durante las \u00faltimas tres d\u00e9cadas, que han permitido la exploraci\u00f3n de los sistemas espeleol\u00f3gicos m\u00e1s extensos de la isla, situando las cavidades subacu\u00e1ticas de Mallorca como referentes en el estudio de las [&hellip;]","og_url":"https:\/\/mucbo.org\/es\/conferencia-roca-aigua-i-temps-les-coves-subaquatiques-de-mallorca\/","og_site_name":"MUCBO","article_published_time":"2025-05-26T09:15:13+00:00","article_modified_time":"2025-05-26T09:24:20+00:00","og_image":[{"width":1080,"height":1080,"url":"https:\/\/mucbo.org\/wp-content\/uploads\/2025-Conferencies-xerrades-i-presentacions-de-llibres-MUCBO-6.jpg","type":"image\/jpeg"}],"author":"malena","twitter_card":"summary_large_image","twitter_misc":{"Escrito por":"malena","Tiempo de lectura":"2 minutos"},"schema":{"@context":"https:\/\/schema.org","@graph":[{"@type":"WebPage","@id":"https:\/\/mucbo.org\/es\/conferencia-roca-aigua-i-temps-les-coves-subaquatiques-de-mallorca\/","url":"https:\/\/mucbo.org\/es\/conferencia-roca-aigua-i-temps-les-coves-subaquatiques-de-mallorca\/","name":"Confer\u00e8ncia: ROCA, AIGUA I TEMPS: LES COVES SUBAQU\u00c0TIQUES DE MALLORCA - MUCBO","isPartOf":{"@id":"https:\/\/mucbo.org\/es\/#website"},"primaryImageOfPage":{"@id":"https:\/\/mucbo.org\/es\/conferencia-roca-aigua-i-temps-les-coves-subaquatiques-de-mallorca\/#primaryimage"},"image":{"@id":"https:\/\/mucbo.org\/es\/conferencia-roca-aigua-i-temps-les-coves-subaquatiques-de-mallorca\/#primaryimage"},"thumbnailUrl":"https:\/\/mucbo.org\/wp-content\/uploads\/2025-Conferencies-xerrades-i-presentacions-de-llibres-MUCBO-6.jpg","datePublished":"2025-05-26T09:15:13+00:00","dateModified":"2025-05-26T09:24:20+00:00","author":{"@id":"https:\/\/mucbo.org\/es\/#\/schema\/person\/6960a8294e5a404ddd31b1c8ef1a75b9"},"breadcrumb":{"@id":"https:\/\/mucbo.org\/es\/conferencia-roca-aigua-i-temps-les-coves-subaquatiques-de-mallorca\/#breadcrumb"},"inLanguage":"es","potentialAction":[{"@type":"ReadAction","target":["https:\/\/mucbo.org\/es\/conferencia-roca-aigua-i-temps-les-coves-subaquatiques-de-mallorca\/"]}]},{"@type":"ImageObject","inLanguage":"es","@id":"https:\/\/mucbo.org\/es\/conferencia-roca-aigua-i-temps-les-coves-subaquatiques-de-mallorca\/#primaryimage","url":"https:\/\/mucbo.org\/wp-content\/uploads\/2025-Conferencies-xerrades-i-presentacions-de-llibres-MUCBO-6.jpg","contentUrl":"https:\/\/mucbo.org\/wp-content\/uploads\/2025-Conferencies-xerrades-i-presentacions-de-llibres-MUCBO-6.jpg","width":1080,"height":1080},{"@type":"BreadcrumbList","@id":"https:\/\/mucbo.org\/es\/conferencia-roca-aigua-i-temps-les-coves-subaquatiques-de-mallorca\/#breadcrumb","itemListElement":[{"@type":"ListItem","position":1,"name":"Inicio","item":"https:\/\/mucbo.org\/es\/"},{"@type":"ListItem","position":2,"name":"Confer\u00e8ncia: ROCA, AIGUA I TEMPS: LES COVES SUBAQU\u00c0TIQUES DE MALLORCA"}]},{"@type":"WebSite","@id":"https:\/\/mucbo.org\/es\/#website","url":"https:\/\/mucbo.org\/es\/","name":"MUCBO","description":"Fundaci\u00f3 Jard\u00ed Bot\u00e0nic de S\u00f3ller - Museu Balear de Ci\u00e8ncies Naturals","potentialAction":[{"@type":"SearchAction","target":{"@type":"EntryPoint","urlTemplate":"https:\/\/mucbo.org\/es\/?s={search_term_string}"},"query-input":{"@type":"PropertyValueSpecification","valueRequired":true,"valueName":"search_term_string"}}],"inLanguage":"es"},{"@type":"Person","@id":"https:\/\/mucbo.org\/es\/#\/schema\/person\/6960a8294e5a404ddd31b1c8ef1a75b9","name":"malena"}]}},"_links":{"self":[{"href":"https:\/\/mucbo.org\/es\/wp-json\/wp\/v2\/posts\/8068","targetHints":{"allow":["GET"]}}],"collection":[{"href":"https:\/\/mucbo.org\/es\/wp-json\/wp\/v2\/posts"}],"about":[{"href":"https:\/\/mucbo.org\/es\/wp-json\/wp\/v2\/types\/post"}],"author":[{"embeddable":true,"href":"https:\/\/mucbo.org\/es\/wp-json\/wp\/v2\/users\/4"}],"replies":[{"embeddable":true,"href":"https:\/\/mucbo.org\/es\/wp-json\/wp\/v2\/comments?post=8068"}],"version-history":[{"count":1,"href":"https:\/\/mucbo.org\/es\/wp-json\/wp\/v2\/posts\/8068\/revisions"}],"predecessor-version":[{"id":8070,"href":"https:\/\/mucbo.org\/es\/wp-json\/wp\/v2\/posts\/8068\/revisions\/8070"}],"wp:featuredmedia":[{"embeddable":true,"href":"https:\/\/mucbo.org\/es\/wp-json\/wp\/v2\/media\/8065"}],"wp:attachment":[{"href":"https:\/\/mucbo.org\/es\/wp-json\/wp\/v2\/media?parent=8068"}],"wp:term":[{"taxonomy":"category","embeddable":true,"href":"https:\/\/mucbo.org\/es\/wp-json\/wp\/v2\/categories?post=8068"},{"taxonomy":"post_tag","embeddable":true,"href":"https:\/\/mucbo.org\/es\/wp-json\/wp\/v2\/tags?post=8068"}],"curies":[{"name":"wp","href":"https:\/\/api.w.org\/{rel}","templated":true}]}}