{"id":7953,"date":"2025-05-06T14:50:54","date_gmt":"2025-05-06T12:50:54","guid":{"rendered":"https:\/\/mucbo.org\/anacamptis-robusta\/"},"modified":"2025-05-07T09:54:12","modified_gmt":"2025-05-07T07:54:12","slug":"anacamptis-robusta","status":"publish","type":"post","link":"https:\/\/mucbo.org\/es\/anacamptis-robusta\/","title":{"rendered":"Anacamptis robusta"},"content":{"rendered":"<p><strong>Sin\u00f3nimos:<\/strong><\/p><ul class=\"wp-block-list\"><li><em>Anacamptis palustris<\/em> subsp. <em>robusta<\/em> (T.Stephenson) R.M.Bateman, Pridgeon &amp; M.W.Chase in Lindleyana 12: 120 (1997)<\/li>\n\n<li><em>Herorchis robusta<\/em> (T.Stephenson) D.Tyteca &amp; E.Klein in J. Eur. Orch. 40: 540 (2008)<\/li>\n\n<li><em>Orchis laxiflora<\/em> subsp. <em>robusta<\/em> (T.Stephenson) H.Sund. in Europ. Medit. Orchid., ed. 3: 40 (1980)<\/li>\n\n<li><em>Orchis palustris<\/em> subsp. <em>robusta<\/em> (T.Stephenson) Kreutz in Kompend. Eur. Orchid.: 128 (2004)<\/li>\n\n<li><em>Orchis palustris<\/em> var. <em>robusta<\/em> T.Stephenson in J. Bot. 69: 179 (1931)<\/li>\n\n<li><em>Orchis robusta<\/em> (T.Stephenson) G\u00f6lz &amp; H.R.Reinhard in Ber. Schweiz. Bot. Ges. 85: 288 (1975 publ. 1976)<\/li>\n\n<li><em>Paludorchis robusta<\/em> (T.Stephenson) P.Delforge in Naturalistes Belges 90: 25 (2009)<\/li><\/ul><p><strong>Familia:<\/strong> ORCHIDACEAE<br><strong>Distribuci\u00f3n:<\/strong> Mallorca (Parque Natural de s\u2019Albufera), norte de Argelia hasta T\u00fanez.<br><strong>Estado de conservaci\u00f3n:<\/strong> Presente en el Cat\u00e1logo Balear de Especies Amenazadas, catalogada como En Peligro de Extinci\u00f3n.<br><strong>Fenolog\u00eda:<\/strong> De finales de marzo a principios de mayo. Fructifica de mayo a junio.<br><strong>Forma vital:<\/strong> ge\u00f3fito<br><strong>H\u00e1bitat:<\/strong> Ambientes h\u00famedos del Parque Natural de s\u2019Albufera, praderas con <em>Cladium mariscus<\/em>, m\u00e1rgenes de canales o zonas donde se acumula agua de forma estacional. Requiere suelos alcalinos con alto contenido en materia org\u00e1nica. Es muy sensible a alteraciones en el r\u00e9gimen h\u00eddrico, obstrucci\u00f3n de canales y cambio clim\u00e1tico.<\/p><p>Esta orqu\u00eddea es la especie m\u00e1s grande de esta familia presente en Baleares, puede alcanzar los 80 cm de altura. Se descubri\u00f3 en la Albufera de Mallorca a finales de los a\u00f1os noventa y es un relicto africano de cuando exist\u00edan conexiones ecol\u00f3gicas entre \u00c1frica y el Mediterr\u00e1neo occidental. Anteriormente se hab\u00eda confundido con <em>Anacamptis palustris<\/em>, una orqu\u00eddea de menor tama\u00f1o, inflorescencias m\u00e1s laxas y color lila m\u00e1s claro. <em>Anacamptis robusta<\/em> tiene flores de color p\u00farpura con un labelo m\u00e1s ancho y dividido. Prefiere ambientes h\u00famedos m\u00e1s c\u00e1lidos y estacionales, mientras que <em>Anacamptis palustris<\/em> prefiere praderas h\u00famedas m\u00e1s permanentes.<\/p><p>Desde su hallazgo, el parque de S\u2019Albufera realiza seguimientos anuales marcando los individuos adultos y controlando las especies invasoras. En el Jard\u00edn Bot\u00e1nico se cultivan algunos ejemplares que ahora mismo se encuentran en flor, y desde 2012 se conservan semillas en el banco de germoplasma.<\/p><p>Esta especie est\u00e1 en peligro debido a la posible destrucci\u00f3n de su h\u00e1bitat, pero tambi\u00e9n por problemas con su propia reproducci\u00f3n, ya que no es f\u00e1cil de germinar y rara vez se encuentran pl\u00e1ntulas j\u00f3venes.<\/p><p>Como curiosidad, en 2004 el bot\u00e1nico Richard Bateman, especializado en filogenia y evoluci\u00f3n de orqu\u00eddeas, describi\u00f3 un h\u00edbrido entre la orqu\u00eddea de prado y <em>Anacamptis fragrans<\/em>, al que denomin\u00f3 <em>Anacamptis \u00d7 albuferensis<\/em>. La presencia de h\u00edbridos puede representar tanto una amenaza como una oportunidad desde el punto de vista de la conservaci\u00f3n. Por un lado, la hibridaci\u00f3n puede poner en peligro la integridad gen\u00e9tica de <em>Anacamptis robusta<\/em>, una especie rara y protegida, especialmente si los h\u00edbridos son f\u00e9rtiles y compiten con la especie progenitora por recursos o polinizadores. Esto podr\u00eda favorecer la diluci\u00f3n de los rasgos adaptativos propios de <em>A. robusta<\/em>. Por otro lado, en un contexto de cambio ambiental r\u00e1pido, la hibridaci\u00f3n tambi\u00e9n podr\u00eda actuar como una fuente de variabilidad gen\u00e9tica y facilitar la aparici\u00f3n de nuevas combinaciones adaptativas que podr\u00edan aumentar la resiliencia de la poblaci\u00f3n. Por ello, es fundamental estudiar en detalle este h\u00edbrido y evaluar su comportamiento ecol\u00f3gico y reproductivo antes de tomar decisiones de gesti\u00f3n.<\/p><p>Las orqu\u00eddeas son un buen ejemplo de c\u00f3mo la hibridaci\u00f3n puede funcionar no solo como una amenaza para la pureza gen\u00e9tica, sino tambi\u00e9n como una herramienta evolutiva clave en la generaci\u00f3n de nuevas formas de vida.<\/p>","protected":false},"excerpt":{"rendered":"<p>Sin\u00f3nimos: Familia: ORCHIDACEAEDistribuci\u00f3n: Mallorca (Parque Natural de s\u2019Albufera), norte de Argelia hasta T\u00fanez.Estado de conservaci\u00f3n: Presente en el Cat\u00e1logo Balear de Especies Amenazadas, catalogada como En Peligro de Extinci\u00f3n.Fenolog\u00eda: De finales de marzo a principios de mayo. Fructifica de mayo a junio.Forma vital: ge\u00f3fitoH\u00e1bitat: Ambientes h\u00famedos del Parque Natural de s\u2019Albufera, praderas con Cladium mariscus, [&hellip;]<\/p>\n","protected":false},"author":4,"featured_media":7944,"comment_status":"closed","ping_status":"closed","sticky":false,"template":"","format":"standard","meta":{"_acf_changed":false,"footnotes":""},"categories":[137],"tags":[],"class_list":["post-7953","post","type-post","status-publish","format-standard","has-post-thumbnail","hentry","category-piezas-y-plantas-del-mes"],"acf":[],"yoast_head":"<!-- This site is optimized with the Yoast SEO plugin v24.2 - https:\/\/yoast.com\/wordpress\/plugins\/seo\/ -->\n<title>Anacamptis robusta - MUCBO<\/title>\n<meta name=\"robots\" content=\"index, follow, max-snippet:-1, max-image-preview:large, max-video-preview:-1\" \/>\n<link rel=\"canonical\" href=\"https:\/\/mucbo.org\/es\/anacamptis-robusta\/\" \/>\n<meta property=\"og:locale\" content=\"es_ES\" \/>\n<meta property=\"og:type\" content=\"article\" \/>\n<meta property=\"og:title\" content=\"Anacamptis robusta - MUCBO\" \/>\n<meta property=\"og:description\" content=\"Sin\u00f3nimos: Familia: ORCHIDACEAEDistribuci\u00f3n: Mallorca (Parque Natural de s\u2019Albufera), norte de Argelia hasta T\u00fanez.Estado de conservaci\u00f3n: Presente en el Cat\u00e1logo Balear de Especies Amenazadas, catalogada como En Peligro de Extinci\u00f3n.Fenolog\u00eda: De finales de marzo a principios de mayo. Fructifica de mayo a junio.Forma vital: ge\u00f3fitoH\u00e1bitat: Ambientes h\u00famedos del Parque Natural de s\u2019Albufera, praderas con Cladium mariscus, [&hellip;]\" \/>\n<meta property=\"og:url\" content=\"https:\/\/mucbo.org\/es\/anacamptis-robusta\/\" \/>\n<meta property=\"og:site_name\" content=\"MUCBO\" \/>\n<meta property=\"article:published_time\" content=\"2025-05-06T12:50:54+00:00\" \/>\n<meta property=\"article:modified_time\" content=\"2025-05-07T07:54:12+00:00\" \/>\n<meta property=\"og:image\" content=\"https:\/\/mucbo.org\/wp-content\/uploads\/2025-04-28-Anacamptis-robusta-M6-2.jpg\" \/>\n\t<meta property=\"og:image:width\" content=\"945\" \/>\n\t<meta property=\"og:image:height\" content=\"1260\" \/>\n\t<meta property=\"og:image:type\" content=\"image\/jpeg\" \/>\n<meta name=\"author\" content=\"malena\" \/>\n<meta name=\"twitter:card\" content=\"summary_large_image\" \/>\n<meta name=\"twitter:label1\" content=\"Escrito por\" \/>\n\t<meta name=\"twitter:data1\" content=\"malena\" \/>\n\t<meta name=\"twitter:label2\" content=\"Tiempo de lectura\" \/>\n\t<meta name=\"twitter:data2\" content=\"3 minutos\" \/>\n<script type=\"application\/ld+json\" class=\"yoast-schema-graph\">{\"@context\":\"https:\/\/schema.org\",\"@graph\":[{\"@type\":\"WebPage\",\"@id\":\"https:\/\/mucbo.org\/es\/anacamptis-robusta\/\",\"url\":\"https:\/\/mucbo.org\/es\/anacamptis-robusta\/\",\"name\":\"Anacamptis robusta - MUCBO\",\"isPartOf\":{\"@id\":\"https:\/\/mucbo.org\/es\/#website\"},\"primaryImageOfPage\":{\"@id\":\"https:\/\/mucbo.org\/es\/anacamptis-robusta\/#primaryimage\"},\"image\":{\"@id\":\"https:\/\/mucbo.org\/es\/anacamptis-robusta\/#primaryimage\"},\"thumbnailUrl\":\"https:\/\/mucbo.org\/wp-content\/uploads\/2025-04-28-Anacamptis-robusta-M6-2.jpg\",\"datePublished\":\"2025-05-06T12:50:54+00:00\",\"dateModified\":\"2025-05-07T07:54:12+00:00\",\"author\":{\"@id\":\"https:\/\/mucbo.org\/es\/#\/schema\/person\/6960a8294e5a404ddd31b1c8ef1a75b9\"},\"breadcrumb\":{\"@id\":\"https:\/\/mucbo.org\/es\/anacamptis-robusta\/#breadcrumb\"},\"inLanguage\":\"es\",\"potentialAction\":[{\"@type\":\"ReadAction\",\"target\":[\"https:\/\/mucbo.org\/es\/anacamptis-robusta\/\"]}]},{\"@type\":\"ImageObject\",\"inLanguage\":\"es\",\"@id\":\"https:\/\/mucbo.org\/es\/anacamptis-robusta\/#primaryimage\",\"url\":\"https:\/\/mucbo.org\/wp-content\/uploads\/2025-04-28-Anacamptis-robusta-M6-2.jpg\",\"contentUrl\":\"https:\/\/mucbo.org\/wp-content\/uploads\/2025-04-28-Anacamptis-robusta-M6-2.jpg\",\"width\":945,\"height\":1260},{\"@type\":\"BreadcrumbList\",\"@id\":\"https:\/\/mucbo.org\/es\/anacamptis-robusta\/#breadcrumb\",\"itemListElement\":[{\"@type\":\"ListItem\",\"position\":1,\"name\":\"Inicio\",\"item\":\"https:\/\/mucbo.org\/es\/\"},{\"@type\":\"ListItem\",\"position\":2,\"name\":\"Anacamptis robusta\"}]},{\"@type\":\"WebSite\",\"@id\":\"https:\/\/mucbo.org\/es\/#website\",\"url\":\"https:\/\/mucbo.org\/es\/\",\"name\":\"MUCBO\",\"description\":\"Fundaci\u00f3 Jard\u00ed Bot\u00e0nic de S\u00f3ller - Museu Balear de Ci\u00e8ncies Naturals\",\"potentialAction\":[{\"@type\":\"SearchAction\",\"target\":{\"@type\":\"EntryPoint\",\"urlTemplate\":\"https:\/\/mucbo.org\/es\/?s={search_term_string}\"},\"query-input\":{\"@type\":\"PropertyValueSpecification\",\"valueRequired\":true,\"valueName\":\"search_term_string\"}}],\"inLanguage\":\"es\"},{\"@type\":\"Person\",\"@id\":\"https:\/\/mucbo.org\/es\/#\/schema\/person\/6960a8294e5a404ddd31b1c8ef1a75b9\",\"name\":\"malena\"}]}<\/script>\n<!-- \/ Yoast SEO plugin. -->","yoast_head_json":{"title":"Anacamptis robusta - MUCBO","robots":{"index":"index","follow":"follow","max-snippet":"max-snippet:-1","max-image-preview":"max-image-preview:large","max-video-preview":"max-video-preview:-1"},"canonical":"https:\/\/mucbo.org\/es\/anacamptis-robusta\/","og_locale":"es_ES","og_type":"article","og_title":"Anacamptis robusta - MUCBO","og_description":"Sin\u00f3nimos: Familia: ORCHIDACEAEDistribuci\u00f3n: Mallorca (Parque Natural de s\u2019Albufera), norte de Argelia hasta T\u00fanez.Estado de conservaci\u00f3n: Presente en el Cat\u00e1logo Balear de Especies Amenazadas, catalogada como En Peligro de Extinci\u00f3n.Fenolog\u00eda: De finales de marzo a principios de mayo. Fructifica de mayo a junio.Forma vital: ge\u00f3fitoH\u00e1bitat: Ambientes h\u00famedos del Parque Natural de s\u2019Albufera, praderas con Cladium mariscus, [&hellip;]","og_url":"https:\/\/mucbo.org\/es\/anacamptis-robusta\/","og_site_name":"MUCBO","article_published_time":"2025-05-06T12:50:54+00:00","article_modified_time":"2025-05-07T07:54:12+00:00","og_image":[{"width":945,"height":1260,"url":"https:\/\/mucbo.org\/wp-content\/uploads\/2025-04-28-Anacamptis-robusta-M6-2.jpg","type":"image\/jpeg"}],"author":"malena","twitter_card":"summary_large_image","twitter_misc":{"Escrito por":"malena","Tiempo de lectura":"3 minutos"},"schema":{"@context":"https:\/\/schema.org","@graph":[{"@type":"WebPage","@id":"https:\/\/mucbo.org\/es\/anacamptis-robusta\/","url":"https:\/\/mucbo.org\/es\/anacamptis-robusta\/","name":"Anacamptis robusta - MUCBO","isPartOf":{"@id":"https:\/\/mucbo.org\/es\/#website"},"primaryImageOfPage":{"@id":"https:\/\/mucbo.org\/es\/anacamptis-robusta\/#primaryimage"},"image":{"@id":"https:\/\/mucbo.org\/es\/anacamptis-robusta\/#primaryimage"},"thumbnailUrl":"https:\/\/mucbo.org\/wp-content\/uploads\/2025-04-28-Anacamptis-robusta-M6-2.jpg","datePublished":"2025-05-06T12:50:54+00:00","dateModified":"2025-05-07T07:54:12+00:00","author":{"@id":"https:\/\/mucbo.org\/es\/#\/schema\/person\/6960a8294e5a404ddd31b1c8ef1a75b9"},"breadcrumb":{"@id":"https:\/\/mucbo.org\/es\/anacamptis-robusta\/#breadcrumb"},"inLanguage":"es","potentialAction":[{"@type":"ReadAction","target":["https:\/\/mucbo.org\/es\/anacamptis-robusta\/"]}]},{"@type":"ImageObject","inLanguage":"es","@id":"https:\/\/mucbo.org\/es\/anacamptis-robusta\/#primaryimage","url":"https:\/\/mucbo.org\/wp-content\/uploads\/2025-04-28-Anacamptis-robusta-M6-2.jpg","contentUrl":"https:\/\/mucbo.org\/wp-content\/uploads\/2025-04-28-Anacamptis-robusta-M6-2.jpg","width":945,"height":1260},{"@type":"BreadcrumbList","@id":"https:\/\/mucbo.org\/es\/anacamptis-robusta\/#breadcrumb","itemListElement":[{"@type":"ListItem","position":1,"name":"Inicio","item":"https:\/\/mucbo.org\/es\/"},{"@type":"ListItem","position":2,"name":"Anacamptis robusta"}]},{"@type":"WebSite","@id":"https:\/\/mucbo.org\/es\/#website","url":"https:\/\/mucbo.org\/es\/","name":"MUCBO","description":"Fundaci\u00f3 Jard\u00ed Bot\u00e0nic de S\u00f3ller - Museu Balear de Ci\u00e8ncies Naturals","potentialAction":[{"@type":"SearchAction","target":{"@type":"EntryPoint","urlTemplate":"https:\/\/mucbo.org\/es\/?s={search_term_string}"},"query-input":{"@type":"PropertyValueSpecification","valueRequired":true,"valueName":"search_term_string"}}],"inLanguage":"es"},{"@type":"Person","@id":"https:\/\/mucbo.org\/es\/#\/schema\/person\/6960a8294e5a404ddd31b1c8ef1a75b9","name":"malena"}]}},"_links":{"self":[{"href":"https:\/\/mucbo.org\/es\/wp-json\/wp\/v2\/posts\/7953","targetHints":{"allow":["GET"]}}],"collection":[{"href":"https:\/\/mucbo.org\/es\/wp-json\/wp\/v2\/posts"}],"about":[{"href":"https:\/\/mucbo.org\/es\/wp-json\/wp\/v2\/types\/post"}],"author":[{"embeddable":true,"href":"https:\/\/mucbo.org\/es\/wp-json\/wp\/v2\/users\/4"}],"replies":[{"embeddable":true,"href":"https:\/\/mucbo.org\/es\/wp-json\/wp\/v2\/comments?post=7953"}],"version-history":[{"count":1,"href":"https:\/\/mucbo.org\/es\/wp-json\/wp\/v2\/posts\/7953\/revisions"}],"predecessor-version":[{"id":7955,"href":"https:\/\/mucbo.org\/es\/wp-json\/wp\/v2\/posts\/7953\/revisions\/7955"}],"wp:featuredmedia":[{"embeddable":true,"href":"https:\/\/mucbo.org\/es\/wp-json\/wp\/v2\/media\/7944"}],"wp:attachment":[{"href":"https:\/\/mucbo.org\/es\/wp-json\/wp\/v2\/media?parent=7953"}],"wp:term":[{"taxonomy":"category","embeddable":true,"href":"https:\/\/mucbo.org\/es\/wp-json\/wp\/v2\/categories?post=7953"},{"taxonomy":"post_tag","embeddable":true,"href":"https:\/\/mucbo.org\/es\/wp-json\/wp\/v2\/tags?post=7953"}],"curies":[{"name":"wp","href":"https:\/\/api.w.org\/{rel}","templated":true}]}}