{"id":7629,"date":"2025-03-25T11:35:32","date_gmt":"2025-03-25T09:35:32","guid":{"rendered":"https:\/\/mucbo.org\/jornada-de-sant-jordi-al-mucbo\/"},"modified":"2025-04-01T10:13:38","modified_gmt":"2025-04-01T08:13:38","slug":"jornada-de-sant-jordi-al-mucbo","status":"publish","type":"post","link":"https:\/\/mucbo.org\/es\/jornada-de-sant-jordi-al-mucbo\/","title":{"rendered":"Jornada de SANT JORDI AL MUCBO"},"content":{"rendered":"<p>En el MUCBO celebramos Sant Jordi con una gran jornada llena de arte, naturaleza, m\u00fasica y literatura. El 27 de abril, de 10 a 18 h, abriremos las puertas del Bot\u00e1nico y del Museo para ofrecer una amplia oferta de actividades como talleres para todos los p\u00fablicos, cuentacuentos, gincanas, presentaciones literarias, m\u00fasica, mercado de artesan\u00eda y comida.<\/p><ul class=\"wp-block-list\"><li><strong>10 a 18 H<\/strong> &#8211; Mercado artesanal y gincana en el Jard\u00edn y Museo<\/li><\/ul><ul class=\"wp-block-list\"><li><strong>10:30 a 12:30 H<\/strong> &#8211; Manualidades con naturaleza &#8211; ROSAS DE SANT JORDI<\/li><\/ul><ul class=\"wp-block-list\"><li><strong>11 a 12 H<\/strong> &#8211; Presentaci\u00f3n de la GUIA DE CAJAS NIDO PARA AVES Y CAJAS REFUGIO PARA QUIR\u00d3PTEROS DE BALEARES con los autores, Cristina Fiol Par\u00eds, David Garc\u00eda y Xavier Canyelles<\/li><\/ul><ul class=\"wp-block-list\"><li><strong>12:30 a 13 H<\/strong> &#8211; Presentaci\u00f3n de L\u2019\u00c0NIMA DEL VIOL\u00cd, una pieza esc\u00e9nica con N\u00edvola Uy\u00e0, Poli Noguera y Eduard Riera<\/li><\/ul><ul class=\"wp-block-list\"><li><strong>16 a 18 H<\/strong> &#8211; Manualidades con naturaleza &#8211; PUNTOS DE LIBRO<\/li><\/ul><ul class=\"wp-block-list\"><li><strong>16:30 H<\/strong> &#8211; Cuentacuentos: EL JARD\u00cdN DEN BERNAT con M\u00aa Ign\u00e0sia de la Sociedad de Amigos del MUCBO<\/li><\/ul><p>Acceso a las instalaciones:<\/p><ul class=\"wp-block-list\"><li>Carretera Palma-Port de S\u00f3ller<\/li>\n\n<li>Carrer Capit\u00e0 Angelats<\/li><\/ul><p><\/p><h4 class=\"wp-block-heading\">Programa de actividades:<\/h4><div class=\"wp-block-file\"><a id=\"wp-block-file--media-0b7c7dfa-0576-45bb-832d-8137cd91e6fd\" href=\"https:\/\/mucbo.org\/wp-content\/uploads\/2025-Jornada-de-Sant-Jordi-.pdf\">2025 Jorndada de Sant Jordi<\/a><a href=\"https:\/\/mucbo.org\/wp-content\/uploads\/2025-Jornada-de-Sant-Jordi-.pdf\" class=\"wp-block-file__button wp-element-button\" download aria-describedby=\"wp-block-file--media-0b7c7dfa-0576-45bb-832d-8137cd91e6fd\">Baixa<\/a><\/div><figure class=\"wp-block-gallery has-nested-images columns-default is-cropped wp-block-gallery-1 is-layout-flex wp-block-gallery-is-layout-flex\"><figure class=\"wp-block-image size-full\"><img decoding=\"async\" width=\"1080\" height=\"1080\" data-id=\"7499\" src=\"https:\/\/mucbo.org\/wp-content\/uploads\/2025-Jornada-de-Sant-Jordi-.jpg\" alt=\"\" class=\"wp-image-7499\" srcset=\"https:\/\/mucbo.org\/wp-content\/uploads\/2025-Jornada-de-Sant-Jordi-.jpg 1080w, https:\/\/mucbo.org\/wp-content\/uploads\/2025-Jornada-de-Sant-Jordi--768x768.jpg 768w, https:\/\/mucbo.org\/wp-content\/uploads\/2025-Jornada-de-Sant-Jordi--300x300.jpg 300w, https:\/\/mucbo.org\/wp-content\/uploads\/2025-Jornada-de-Sant-Jordi--600x600.jpg 600w, https:\/\/mucbo.org\/wp-content\/uploads\/2025-Jornada-de-Sant-Jordi--100x100.jpg 100w\" sizes=\"(max-width: 1080px) 100vw, 1080px\" \/><\/figure>\n\n<figure class=\"wp-block-image size-full\"><img decoding=\"async\" width=\"1080\" height=\"1080\" data-id=\"7529\" src=\"https:\/\/mucbo.org\/wp-content\/uploads\/2-1.jpg\" alt=\"\" class=\"wp-image-7529\" srcset=\"https:\/\/mucbo.org\/wp-content\/uploads\/2-1.jpg 1080w, https:\/\/mucbo.org\/wp-content\/uploads\/2-1-768x768.jpg 768w, https:\/\/mucbo.org\/wp-content\/uploads\/2-1-300x300.jpg 300w, https:\/\/mucbo.org\/wp-content\/uploads\/2-1-600x600.jpg 600w, https:\/\/mucbo.org\/wp-content\/uploads\/2-1-100x100.jpg 100w\" sizes=\"(max-width: 1080px) 100vw, 1080px\" \/><\/figure>\n\n<figure class=\"wp-block-image size-full\"><img decoding=\"async\" width=\"1080\" height=\"1080\" data-id=\"7562\" src=\"https:\/\/mucbo.org\/wp-content\/uploads\/3-2.jpg\" alt=\"\" class=\"wp-image-7562\" srcset=\"https:\/\/mucbo.org\/wp-content\/uploads\/3-2.jpg 1080w, https:\/\/mucbo.org\/wp-content\/uploads\/3-2-768x768.jpg 768w, https:\/\/mucbo.org\/wp-content\/uploads\/3-2-300x300.jpg 300w, https:\/\/mucbo.org\/wp-content\/uploads\/3-2-600x600.jpg 600w, https:\/\/mucbo.org\/wp-content\/uploads\/3-2-100x100.jpg 100w\" sizes=\"(max-width: 1080px) 100vw, 1080px\" \/><\/figure>\n\n<figure class=\"wp-block-image size-full\"><img decoding=\"async\" width=\"1080\" height=\"1080\" data-id=\"7568\" src=\"https:\/\/mucbo.org\/wp-content\/uploads\/4-3.jpg\" alt=\"\" class=\"wp-image-7568\" srcset=\"https:\/\/mucbo.org\/wp-content\/uploads\/4-3.jpg 1080w, https:\/\/mucbo.org\/wp-content\/uploads\/4-3-768x768.jpg 768w, https:\/\/mucbo.org\/wp-content\/uploads\/4-3-300x300.jpg 300w, https:\/\/mucbo.org\/wp-content\/uploads\/4-3-600x600.jpg 600w, https:\/\/mucbo.org\/wp-content\/uploads\/4-3-100x100.jpg 100w\" sizes=\"(max-width: 1080px) 100vw, 1080px\" \/><\/figure>\n\n<figure class=\"wp-block-image size-full\"><img decoding=\"async\" width=\"1080\" height=\"1080\" data-id=\"7526\" src=\"https:\/\/mucbo.org\/wp-content\/uploads\/5-1.jpg\" alt=\"\" class=\"wp-image-7526\" srcset=\"https:\/\/mucbo.org\/wp-content\/uploads\/5-1.jpg 1080w, https:\/\/mucbo.org\/wp-content\/uploads\/5-1-768x768.jpg 768w, https:\/\/mucbo.org\/wp-content\/uploads\/5-1-300x300.jpg 300w, https:\/\/mucbo.org\/wp-content\/uploads\/5-1-600x600.jpg 600w, https:\/\/mucbo.org\/wp-content\/uploads\/5-1-100x100.jpg 100w\" sizes=\"(max-width: 1080px) 100vw, 1080px\" \/><\/figure>\n\n<figure class=\"wp-block-image size-full\"><img decoding=\"async\" width=\"1080\" height=\"1080\" data-id=\"7558\" src=\"https:\/\/mucbo.org\/wp-content\/uploads\/6-2.jpg\" alt=\"\" class=\"wp-image-7558\" srcset=\"https:\/\/mucbo.org\/wp-content\/uploads\/6-2.jpg 1080w, https:\/\/mucbo.org\/wp-content\/uploads\/6-2-768x768.jpg 768w, https:\/\/mucbo.org\/wp-content\/uploads\/6-2-300x300.jpg 300w, https:\/\/mucbo.org\/wp-content\/uploads\/6-2-600x600.jpg 600w, https:\/\/mucbo.org\/wp-content\/uploads\/6-2-100x100.jpg 100w\" sizes=\"(max-width: 1080px) 100vw, 1080px\" \/><\/figure>\n\n<figure class=\"wp-block-image size-large\"><img decoding=\"async\" width=\"1080\" height=\"1080\" data-id=\"7547\" src=\"https:\/\/mucbo.org\/wp-content\/uploads\/7-2.jpg\" alt=\"\" class=\"wp-image-7547\" srcset=\"https:\/\/mucbo.org\/wp-content\/uploads\/7-2.jpg 1080w, https:\/\/mucbo.org\/wp-content\/uploads\/7-2-768x768.jpg 768w, https:\/\/mucbo.org\/wp-content\/uploads\/7-2-300x300.jpg 300w, https:\/\/mucbo.org\/wp-content\/uploads\/7-2-600x600.jpg 600w, https:\/\/mucbo.org\/wp-content\/uploads\/7-2-100x100.jpg 100w\" sizes=\"(max-width: 1080px) 100vw, 1080px\" \/><\/figure>\n\n<figure class=\"wp-block-image size-large\"><img decoding=\"async\" width=\"1080\" height=\"1080\" data-id=\"7571\" src=\"https:\/\/mucbo.org\/wp-content\/uploads\/2025-Jornada-de-Sant-Jordi-1-1.jpg\" alt=\"\" class=\"wp-image-7571\" srcset=\"https:\/\/mucbo.org\/wp-content\/uploads\/2025-Jornada-de-Sant-Jordi-1-1.jpg 1080w, https:\/\/mucbo.org\/wp-content\/uploads\/2025-Jornada-de-Sant-Jordi-1-1-768x768.jpg 768w, https:\/\/mucbo.org\/wp-content\/uploads\/2025-Jornada-de-Sant-Jordi-1-1-300x300.jpg 300w, https:\/\/mucbo.org\/wp-content\/uploads\/2025-Jornada-de-Sant-Jordi-1-1-600x600.jpg 600w, https:\/\/mucbo.org\/wp-content\/uploads\/2025-Jornada-de-Sant-Jordi-1-1-100x100.jpg 100w\" sizes=\"(max-width: 1080px) 100vw, 1080px\" \/><\/figure>\n\n<figure class=\"wp-block-image size-full\"><img decoding=\"async\" width=\"1080\" height=\"1080\" data-id=\"7574\" src=\"https:\/\/mucbo.org\/wp-content\/uploads\/9-1.png\" alt=\"\" class=\"wp-image-7574\" srcset=\"https:\/\/mucbo.org\/wp-content\/uploads\/9-1.png 1080w, https:\/\/mucbo.org\/wp-content\/uploads\/9-1-768x768.png 768w, https:\/\/mucbo.org\/wp-content\/uploads\/9-1-300x300.png 300w, https:\/\/mucbo.org\/wp-content\/uploads\/9-1-600x600.png 600w, https:\/\/mucbo.org\/wp-content\/uploads\/9-1-100x100.png 100w\" sizes=\"(max-width: 1080px) 100vw, 1080px\" \/><\/figure><\/figure>","protected":false},"excerpt":{"rendered":"<p>En el MUCBO celebramos Sant Jordi con una gran jornada llena de arte, naturaleza, m\u00fasica y literatura. El 27 de abril, de 10 a 18 h, abriremos las puertas del Bot\u00e1nico y del Museo para ofrecer una amplia oferta de actividades como talleres para todos los p\u00fablicos, cuentacuentos, gincanas, presentaciones literarias, m\u00fasica, mercado de artesan\u00eda [&hellip;]<\/p>\n","protected":false},"author":4,"featured_media":7501,"comment_status":"closed","ping_status":"closed","sticky":false,"template":"","format":"standard","meta":{"_acf_changed":false,"footnotes":""},"categories":[134,132],"tags":[],"class_list":["post-7629","post","type-post","status-publish","format-standard","has-post-thumbnail","hentry","category-actividades-pasadas","category-agenda"],"acf":[],"yoast_head":"<!-- This site is optimized with the Yoast SEO plugin v24.2 - https:\/\/yoast.com\/wordpress\/plugins\/seo\/ -->\n<title>Jornada de SANT JORDI AL MUCBO - MUCBO<\/title>\n<meta name=\"robots\" content=\"index, follow, max-snippet:-1, max-image-preview:large, max-video-preview:-1\" \/>\n<link rel=\"canonical\" href=\"https:\/\/mucbo.org\/es\/jornada-de-sant-jordi-al-mucbo\/\" \/>\n<meta property=\"og:locale\" content=\"es_ES\" \/>\n<meta property=\"og:type\" content=\"article\" \/>\n<meta property=\"og:title\" content=\"Jornada de SANT JORDI AL MUCBO - MUCBO\" \/>\n<meta property=\"og:description\" content=\"En el MUCBO celebramos Sant Jordi con una gran jornada llena de arte, naturaleza, m\u00fasica y literatura. El 27 de abril, de 10 a 18 h, abriremos las puertas del Bot\u00e1nico y del Museo para ofrecer una amplia oferta de actividades como talleres para todos los p\u00fablicos, cuentacuentos, gincanas, presentaciones literarias, m\u00fasica, mercado de artesan\u00eda [&hellip;]\" \/>\n<meta property=\"og:url\" content=\"https:\/\/mucbo.org\/es\/jornada-de-sant-jordi-al-mucbo\/\" \/>\n<meta property=\"og:site_name\" content=\"MUCBO\" \/>\n<meta property=\"article:published_time\" content=\"2025-03-25T09:35:32+00:00\" \/>\n<meta property=\"article:modified_time\" content=\"2025-04-01T08:13:38+00:00\" \/>\n<meta property=\"og:image\" content=\"https:\/\/mucbo.org\/wp-content\/uploads\/2025-Jornada-de-Sant-Jordi-.jpg\" \/>\n\t<meta property=\"og:image:width\" content=\"1080\" \/>\n\t<meta property=\"og:image:height\" content=\"1080\" \/>\n\t<meta property=\"og:image:type\" content=\"image\/jpeg\" \/>\n<meta name=\"author\" content=\"malena\" \/>\n<meta name=\"twitter:card\" content=\"summary_large_image\" \/>\n<meta name=\"twitter:label1\" content=\"Escrito por\" \/>\n\t<meta name=\"twitter:data1\" content=\"malena\" \/>\n\t<meta name=\"twitter:label2\" content=\"Tiempo de lectura\" \/>\n\t<meta name=\"twitter:data2\" content=\"3 minutos\" \/>\n<script type=\"application\/ld+json\" class=\"yoast-schema-graph\">{\"@context\":\"https:\/\/schema.org\",\"@graph\":[{\"@type\":\"WebPage\",\"@id\":\"https:\/\/mucbo.org\/es\/jornada-de-sant-jordi-al-mucbo\/\",\"url\":\"https:\/\/mucbo.org\/es\/jornada-de-sant-jordi-al-mucbo\/\",\"name\":\"Jornada de SANT JORDI AL MUCBO - MUCBO\",\"isPartOf\":{\"@id\":\"https:\/\/mucbo.org\/es\/#website\"},\"primaryImageOfPage\":{\"@id\":\"https:\/\/mucbo.org\/es\/jornada-de-sant-jordi-al-mucbo\/#primaryimage\"},\"image\":{\"@id\":\"https:\/\/mucbo.org\/es\/jornada-de-sant-jordi-al-mucbo\/#primaryimage\"},\"thumbnailUrl\":\"https:\/\/mucbo.org\/wp-content\/uploads\/2025-Jornada-de-Sant-Jordi-.jpg\",\"datePublished\":\"2025-03-25T09:35:32+00:00\",\"dateModified\":\"2025-04-01T08:13:38+00:00\",\"author\":{\"@id\":\"https:\/\/mucbo.org\/es\/#\/schema\/person\/6960a8294e5a404ddd31b1c8ef1a75b9\"},\"breadcrumb\":{\"@id\":\"https:\/\/mucbo.org\/es\/jornada-de-sant-jordi-al-mucbo\/#breadcrumb\"},\"inLanguage\":\"es\",\"potentialAction\":[{\"@type\":\"ReadAction\",\"target\":[\"https:\/\/mucbo.org\/es\/jornada-de-sant-jordi-al-mucbo\/\"]}]},{\"@type\":\"ImageObject\",\"inLanguage\":\"es\",\"@id\":\"https:\/\/mucbo.org\/es\/jornada-de-sant-jordi-al-mucbo\/#primaryimage\",\"url\":\"https:\/\/mucbo.org\/wp-content\/uploads\/2025-Jornada-de-Sant-Jordi-.jpg\",\"contentUrl\":\"https:\/\/mucbo.org\/wp-content\/uploads\/2025-Jornada-de-Sant-Jordi-.jpg\",\"width\":1080,\"height\":1080},{\"@type\":\"BreadcrumbList\",\"@id\":\"https:\/\/mucbo.org\/es\/jornada-de-sant-jordi-al-mucbo\/#breadcrumb\",\"itemListElement\":[{\"@type\":\"ListItem\",\"position\":1,\"name\":\"Inicio\",\"item\":\"https:\/\/mucbo.org\/es\/\"},{\"@type\":\"ListItem\",\"position\":2,\"name\":\"Jornada de SANT JORDI AL MUCBO\"}]},{\"@type\":\"WebSite\",\"@id\":\"https:\/\/mucbo.org\/es\/#website\",\"url\":\"https:\/\/mucbo.org\/es\/\",\"name\":\"MUCBO\",\"description\":\"Fundaci\u00f3 Jard\u00ed Bot\u00e0nic de S\u00f3ller - Museu Balear de Ci\u00e8ncies Naturals\",\"potentialAction\":[{\"@type\":\"SearchAction\",\"target\":{\"@type\":\"EntryPoint\",\"urlTemplate\":\"https:\/\/mucbo.org\/es\/?s={search_term_string}\"},\"query-input\":{\"@type\":\"PropertyValueSpecification\",\"valueRequired\":true,\"valueName\":\"search_term_string\"}}],\"inLanguage\":\"es\"},{\"@type\":\"Person\",\"@id\":\"https:\/\/mucbo.org\/es\/#\/schema\/person\/6960a8294e5a404ddd31b1c8ef1a75b9\",\"name\":\"malena\"}]}<\/script>\n<!-- \/ Yoast SEO plugin. -->","yoast_head_json":{"title":"Jornada de SANT JORDI AL MUCBO - MUCBO","robots":{"index":"index","follow":"follow","max-snippet":"max-snippet:-1","max-image-preview":"max-image-preview:large","max-video-preview":"max-video-preview:-1"},"canonical":"https:\/\/mucbo.org\/es\/jornada-de-sant-jordi-al-mucbo\/","og_locale":"es_ES","og_type":"article","og_title":"Jornada de SANT JORDI AL MUCBO - MUCBO","og_description":"En el MUCBO celebramos Sant Jordi con una gran jornada llena de arte, naturaleza, m\u00fasica y literatura. El 27 de abril, de 10 a 18 h, abriremos las puertas del Bot\u00e1nico y del Museo para ofrecer una amplia oferta de actividades como talleres para todos los p\u00fablicos, cuentacuentos, gincanas, presentaciones literarias, m\u00fasica, mercado de artesan\u00eda [&hellip;]","og_url":"https:\/\/mucbo.org\/es\/jornada-de-sant-jordi-al-mucbo\/","og_site_name":"MUCBO","article_published_time":"2025-03-25T09:35:32+00:00","article_modified_time":"2025-04-01T08:13:38+00:00","og_image":[{"width":1080,"height":1080,"url":"https:\/\/mucbo.org\/wp-content\/uploads\/2025-Jornada-de-Sant-Jordi-.jpg","type":"image\/jpeg"}],"author":"malena","twitter_card":"summary_large_image","twitter_misc":{"Escrito por":"malena","Tiempo de lectura":"3 minutos"},"schema":{"@context":"https:\/\/schema.org","@graph":[{"@type":"WebPage","@id":"https:\/\/mucbo.org\/es\/jornada-de-sant-jordi-al-mucbo\/","url":"https:\/\/mucbo.org\/es\/jornada-de-sant-jordi-al-mucbo\/","name":"Jornada de SANT JORDI AL MUCBO - MUCBO","isPartOf":{"@id":"https:\/\/mucbo.org\/es\/#website"},"primaryImageOfPage":{"@id":"https:\/\/mucbo.org\/es\/jornada-de-sant-jordi-al-mucbo\/#primaryimage"},"image":{"@id":"https:\/\/mucbo.org\/es\/jornada-de-sant-jordi-al-mucbo\/#primaryimage"},"thumbnailUrl":"https:\/\/mucbo.org\/wp-content\/uploads\/2025-Jornada-de-Sant-Jordi-.jpg","datePublished":"2025-03-25T09:35:32+00:00","dateModified":"2025-04-01T08:13:38+00:00","author":{"@id":"https:\/\/mucbo.org\/es\/#\/schema\/person\/6960a8294e5a404ddd31b1c8ef1a75b9"},"breadcrumb":{"@id":"https:\/\/mucbo.org\/es\/jornada-de-sant-jordi-al-mucbo\/#breadcrumb"},"inLanguage":"es","potentialAction":[{"@type":"ReadAction","target":["https:\/\/mucbo.org\/es\/jornada-de-sant-jordi-al-mucbo\/"]}]},{"@type":"ImageObject","inLanguage":"es","@id":"https:\/\/mucbo.org\/es\/jornada-de-sant-jordi-al-mucbo\/#primaryimage","url":"https:\/\/mucbo.org\/wp-content\/uploads\/2025-Jornada-de-Sant-Jordi-.jpg","contentUrl":"https:\/\/mucbo.org\/wp-content\/uploads\/2025-Jornada-de-Sant-Jordi-.jpg","width":1080,"height":1080},{"@type":"BreadcrumbList","@id":"https:\/\/mucbo.org\/es\/jornada-de-sant-jordi-al-mucbo\/#breadcrumb","itemListElement":[{"@type":"ListItem","position":1,"name":"Inicio","item":"https:\/\/mucbo.org\/es\/"},{"@type":"ListItem","position":2,"name":"Jornada de SANT JORDI AL MUCBO"}]},{"@type":"WebSite","@id":"https:\/\/mucbo.org\/es\/#website","url":"https:\/\/mucbo.org\/es\/","name":"MUCBO","description":"Fundaci\u00f3 Jard\u00ed Bot\u00e0nic de S\u00f3ller - Museu Balear de Ci\u00e8ncies Naturals","potentialAction":[{"@type":"SearchAction","target":{"@type":"EntryPoint","urlTemplate":"https:\/\/mucbo.org\/es\/?s={search_term_string}"},"query-input":{"@type":"PropertyValueSpecification","valueRequired":true,"valueName":"search_term_string"}}],"inLanguage":"es"},{"@type":"Person","@id":"https:\/\/mucbo.org\/es\/#\/schema\/person\/6960a8294e5a404ddd31b1c8ef1a75b9","name":"malena"}]}},"_links":{"self":[{"href":"https:\/\/mucbo.org\/es\/wp-json\/wp\/v2\/posts\/7629","targetHints":{"allow":["GET"]}}],"collection":[{"href":"https:\/\/mucbo.org\/es\/wp-json\/wp\/v2\/posts"}],"about":[{"href":"https:\/\/mucbo.org\/es\/wp-json\/wp\/v2\/types\/post"}],"author":[{"embeddable":true,"href":"https:\/\/mucbo.org\/es\/wp-json\/wp\/v2\/users\/4"}],"replies":[{"embeddable":true,"href":"https:\/\/mucbo.org\/es\/wp-json\/wp\/v2\/comments?post=7629"}],"version-history":[{"count":1,"href":"https:\/\/mucbo.org\/es\/wp-json\/wp\/v2\/posts\/7629\/revisions"}],"predecessor-version":[{"id":7630,"href":"https:\/\/mucbo.org\/es\/wp-json\/wp\/v2\/posts\/7629\/revisions\/7630"}],"wp:featuredmedia":[{"embeddable":true,"href":"https:\/\/mucbo.org\/es\/wp-json\/wp\/v2\/media\/7501"}],"wp:attachment":[{"href":"https:\/\/mucbo.org\/es\/wp-json\/wp\/v2\/media?parent=7629"}],"wp:term":[{"taxonomy":"category","embeddable":true,"href":"https:\/\/mucbo.org\/es\/wp-json\/wp\/v2\/categories?post=7629"},{"taxonomy":"post_tag","embeddable":true,"href":"https:\/\/mucbo.org\/es\/wp-json\/wp\/v2\/tags?post=7629"}],"curies":[{"name":"wp","href":"https:\/\/api.w.org\/{rel}","templated":true}]}}