{"id":6961,"date":"2025-02-25T09:52:15","date_gmt":"2025-02-25T07:52:15","guid":{"rendered":"https:\/\/mucbo.org\/cicle-dornitologia\/"},"modified":"2025-02-25T12:13:59","modified_gmt":"2025-02-25T10:13:59","slug":"cicle-dornitologia","status":"publish","type":"post","link":"https:\/\/mucbo.org\/es\/cicle-dornitologia\/","title":{"rendered":"Cicle d&#8217;ornitologia"},"content":{"rendered":"<p>\u00a1El MUCBO inicia un ciclo de ornitolog\u00eda coorganizado con la Sociedad de Amigos del MUCBO! Durante este ciclo, podr\u00e1s disfrutar de charlas, talleres, salidas al campo, anillamientos y presentaciones literarias sobre el fascinante mundo de las aves. Una excelente oportunidad para aprender, descubrir y conectar con la naturaleza. \u00a1Te esperamos!<\/p><p>\u00a1Consulta el programa de actividades y \u00fanete a nosotros para descubrir el maravilloso mundo de la ornitolog\u00eda!<\/p><figure class=\"wp-block-image size-full\"><img decoding=\"async\" width=\"1080\" height=\"1080\" src=\"https:\/\/mucbo.org\/wp-content\/uploads\/Cicle-ornitologia-PROGRAMA.jpg\" alt=\"\" class=\"wp-image-6999\" srcset=\"https:\/\/mucbo.org\/wp-content\/uploads\/Cicle-ornitologia-PROGRAMA.jpg 1080w, https:\/\/mucbo.org\/wp-content\/uploads\/Cicle-ornitologia-PROGRAMA-768x768.jpg 768w, https:\/\/mucbo.org\/wp-content\/uploads\/Cicle-ornitologia-PROGRAMA-300x300.jpg 300w, https:\/\/mucbo.org\/wp-content\/uploads\/Cicle-ornitologia-PROGRAMA-600x600.jpg 600w, https:\/\/mucbo.org\/wp-content\/uploads\/Cicle-ornitologia-PROGRAMA-100x100.jpg 100w\" sizes=\"(max-width: 1080px) 100vw, 1080px\" \/><\/figure>","protected":false},"excerpt":{"rendered":"<p>\u00a1El MUCBO inicia un ciclo de ornitolog\u00eda coorganizado con la Sociedad de Amigos del MUCBO! Durante este ciclo, podr\u00e1s disfrutar de charlas, talleres, salidas al campo, anillamientos y presentaciones literarias sobre el fascinante mundo de las aves. Una excelente oportunidad para aprender, descubrir y conectar con la naturaleza. \u00a1Te esperamos! \u00a1Consulta el programa de actividades [&hellip;]<\/p>\n","protected":false},"author":4,"featured_media":6952,"comment_status":"closed","ping_status":"closed","sticky":false,"template":"","format":"standard","meta":{"_acf_changed":false,"footnotes":""},"categories":[136],"tags":[],"class_list":["post-6961","post","type-post","status-publish","format-standard","has-post-thumbnail","hentry","category-noticias"],"acf":[],"yoast_head":"<!-- This site is optimized with the Yoast SEO plugin v24.2 - https:\/\/yoast.com\/wordpress\/plugins\/seo\/ -->\n<title>Cicle d&#039;ornitologia - MUCBO<\/title>\n<meta name=\"robots\" content=\"index, follow, max-snippet:-1, max-image-preview:large, max-video-preview:-1\" \/>\n<link rel=\"canonical\" href=\"https:\/\/mucbo.org\/es\/cicle-dornitologia\/\" \/>\n<meta property=\"og:locale\" content=\"es_ES\" \/>\n<meta property=\"og:type\" content=\"article\" \/>\n<meta property=\"og:title\" content=\"Cicle d&#039;ornitologia - MUCBO\" \/>\n<meta property=\"og:description\" content=\"\u00a1El MUCBO inicia un ciclo de ornitolog\u00eda coorganizado con la Sociedad de Amigos del MUCBO! Durante este ciclo, podr\u00e1s disfrutar de charlas, talleres, salidas al campo, anillamientos y presentaciones literarias sobre el fascinante mundo de las aves. Una excelente oportunidad para aprender, descubrir y conectar con la naturaleza. \u00a1Te esperamos! \u00a1Consulta el programa de actividades [&hellip;]\" \/>\n<meta property=\"og:url\" content=\"https:\/\/mucbo.org\/es\/cicle-dornitologia\/\" \/>\n<meta property=\"og:site_name\" content=\"MUCBO\" \/>\n<meta property=\"article:published_time\" content=\"2025-02-25T07:52:15+00:00\" \/>\n<meta property=\"article:modified_time\" content=\"2025-02-25T10:13:59+00:00\" \/>\n<meta property=\"og:image\" content=\"https:\/\/mucbo.org\/wp-content\/uploads\/Cicle-ornitologia-CARTELL.jpg\" \/>\n\t<meta property=\"og:image:width\" content=\"1080\" \/>\n\t<meta property=\"og:image:height\" content=\"1080\" \/>\n\t<meta property=\"og:image:type\" content=\"image\/jpeg\" \/>\n<meta name=\"author\" content=\"malena\" \/>\n<meta name=\"twitter:card\" content=\"summary_large_image\" \/>\n<meta name=\"twitter:label1\" content=\"Escrito por\" \/>\n\t<meta name=\"twitter:data1\" content=\"malena\" \/>\n\t<meta name=\"twitter:label2\" content=\"Tiempo de lectura\" \/>\n\t<meta name=\"twitter:data2\" content=\"1 minuto\" \/>\n<script type=\"application\/ld+json\" class=\"yoast-schema-graph\">{\"@context\":\"https:\/\/schema.org\",\"@graph\":[{\"@type\":\"WebPage\",\"@id\":\"https:\/\/mucbo.org\/es\/cicle-dornitologia\/\",\"url\":\"https:\/\/mucbo.org\/es\/cicle-dornitologia\/\",\"name\":\"Cicle d'ornitologia - MUCBO\",\"isPartOf\":{\"@id\":\"https:\/\/mucbo.org\/es\/#website\"},\"primaryImageOfPage\":{\"@id\":\"https:\/\/mucbo.org\/es\/cicle-dornitologia\/#primaryimage\"},\"image\":{\"@id\":\"https:\/\/mucbo.org\/es\/cicle-dornitologia\/#primaryimage\"},\"thumbnailUrl\":\"https:\/\/mucbo.org\/wp-content\/uploads\/Cicle-ornitologia-CARTELL.jpg\",\"datePublished\":\"2025-02-25T07:52:15+00:00\",\"dateModified\":\"2025-02-25T10:13:59+00:00\",\"author\":{\"@id\":\"https:\/\/mucbo.org\/es\/#\/schema\/person\/6960a8294e5a404ddd31b1c8ef1a75b9\"},\"breadcrumb\":{\"@id\":\"https:\/\/mucbo.org\/es\/cicle-dornitologia\/#breadcrumb\"},\"inLanguage\":\"es\",\"potentialAction\":[{\"@type\":\"ReadAction\",\"target\":[\"https:\/\/mucbo.org\/es\/cicle-dornitologia\/\"]}]},{\"@type\":\"ImageObject\",\"inLanguage\":\"es\",\"@id\":\"https:\/\/mucbo.org\/es\/cicle-dornitologia\/#primaryimage\",\"url\":\"https:\/\/mucbo.org\/wp-content\/uploads\/Cicle-ornitologia-CARTELL.jpg\",\"contentUrl\":\"https:\/\/mucbo.org\/wp-content\/uploads\/Cicle-ornitologia-CARTELL.jpg\",\"width\":1080,\"height\":1080},{\"@type\":\"BreadcrumbList\",\"@id\":\"https:\/\/mucbo.org\/es\/cicle-dornitologia\/#breadcrumb\",\"itemListElement\":[{\"@type\":\"ListItem\",\"position\":1,\"name\":\"Inicio\",\"item\":\"https:\/\/mucbo.org\/es\/\"},{\"@type\":\"ListItem\",\"position\":2,\"name\":\"Cicle d&#8217;ornitologia\"}]},{\"@type\":\"WebSite\",\"@id\":\"https:\/\/mucbo.org\/es\/#website\",\"url\":\"https:\/\/mucbo.org\/es\/\",\"name\":\"MUCBO\",\"description\":\"Fundaci\u00f3 Jard\u00ed Bot\u00e0nic de S\u00f3ller - Museu Balear de Ci\u00e8ncies Naturals\",\"potentialAction\":[{\"@type\":\"SearchAction\",\"target\":{\"@type\":\"EntryPoint\",\"urlTemplate\":\"https:\/\/mucbo.org\/es\/?s={search_term_string}\"},\"query-input\":{\"@type\":\"PropertyValueSpecification\",\"valueRequired\":true,\"valueName\":\"search_term_string\"}}],\"inLanguage\":\"es\"},{\"@type\":\"Person\",\"@id\":\"https:\/\/mucbo.org\/es\/#\/schema\/person\/6960a8294e5a404ddd31b1c8ef1a75b9\",\"name\":\"malena\"}]}<\/script>\n<!-- \/ Yoast SEO plugin. -->","yoast_head_json":{"title":"Cicle d'ornitologia - MUCBO","robots":{"index":"index","follow":"follow","max-snippet":"max-snippet:-1","max-image-preview":"max-image-preview:large","max-video-preview":"max-video-preview:-1"},"canonical":"https:\/\/mucbo.org\/es\/cicle-dornitologia\/","og_locale":"es_ES","og_type":"article","og_title":"Cicle d'ornitologia - MUCBO","og_description":"\u00a1El MUCBO inicia un ciclo de ornitolog\u00eda coorganizado con la Sociedad de Amigos del MUCBO! Durante este ciclo, podr\u00e1s disfrutar de charlas, talleres, salidas al campo, anillamientos y presentaciones literarias sobre el fascinante mundo de las aves. Una excelente oportunidad para aprender, descubrir y conectar con la naturaleza. \u00a1Te esperamos! \u00a1Consulta el programa de actividades [&hellip;]","og_url":"https:\/\/mucbo.org\/es\/cicle-dornitologia\/","og_site_name":"MUCBO","article_published_time":"2025-02-25T07:52:15+00:00","article_modified_time":"2025-02-25T10:13:59+00:00","og_image":[{"width":1080,"height":1080,"url":"https:\/\/mucbo.org\/wp-content\/uploads\/Cicle-ornitologia-CARTELL.jpg","type":"image\/jpeg"}],"author":"malena","twitter_card":"summary_large_image","twitter_misc":{"Escrito por":"malena","Tiempo de lectura":"1 minuto"},"schema":{"@context":"https:\/\/schema.org","@graph":[{"@type":"WebPage","@id":"https:\/\/mucbo.org\/es\/cicle-dornitologia\/","url":"https:\/\/mucbo.org\/es\/cicle-dornitologia\/","name":"Cicle d'ornitologia - MUCBO","isPartOf":{"@id":"https:\/\/mucbo.org\/es\/#website"},"primaryImageOfPage":{"@id":"https:\/\/mucbo.org\/es\/cicle-dornitologia\/#primaryimage"},"image":{"@id":"https:\/\/mucbo.org\/es\/cicle-dornitologia\/#primaryimage"},"thumbnailUrl":"https:\/\/mucbo.org\/wp-content\/uploads\/Cicle-ornitologia-CARTELL.jpg","datePublished":"2025-02-25T07:52:15+00:00","dateModified":"2025-02-25T10:13:59+00:00","author":{"@id":"https:\/\/mucbo.org\/es\/#\/schema\/person\/6960a8294e5a404ddd31b1c8ef1a75b9"},"breadcrumb":{"@id":"https:\/\/mucbo.org\/es\/cicle-dornitologia\/#breadcrumb"},"inLanguage":"es","potentialAction":[{"@type":"ReadAction","target":["https:\/\/mucbo.org\/es\/cicle-dornitologia\/"]}]},{"@type":"ImageObject","inLanguage":"es","@id":"https:\/\/mucbo.org\/es\/cicle-dornitologia\/#primaryimage","url":"https:\/\/mucbo.org\/wp-content\/uploads\/Cicle-ornitologia-CARTELL.jpg","contentUrl":"https:\/\/mucbo.org\/wp-content\/uploads\/Cicle-ornitologia-CARTELL.jpg","width":1080,"height":1080},{"@type":"BreadcrumbList","@id":"https:\/\/mucbo.org\/es\/cicle-dornitologia\/#breadcrumb","itemListElement":[{"@type":"ListItem","position":1,"name":"Inicio","item":"https:\/\/mucbo.org\/es\/"},{"@type":"ListItem","position":2,"name":"Cicle d&#8217;ornitologia"}]},{"@type":"WebSite","@id":"https:\/\/mucbo.org\/es\/#website","url":"https:\/\/mucbo.org\/es\/","name":"MUCBO","description":"Fundaci\u00f3 Jard\u00ed Bot\u00e0nic de S\u00f3ller - Museu Balear de Ci\u00e8ncies Naturals","potentialAction":[{"@type":"SearchAction","target":{"@type":"EntryPoint","urlTemplate":"https:\/\/mucbo.org\/es\/?s={search_term_string}"},"query-input":{"@type":"PropertyValueSpecification","valueRequired":true,"valueName":"search_term_string"}}],"inLanguage":"es"},{"@type":"Person","@id":"https:\/\/mucbo.org\/es\/#\/schema\/person\/6960a8294e5a404ddd31b1c8ef1a75b9","name":"malena"}]}},"_links":{"self":[{"href":"https:\/\/mucbo.org\/es\/wp-json\/wp\/v2\/posts\/6961","targetHints":{"allow":["GET"]}}],"collection":[{"href":"https:\/\/mucbo.org\/es\/wp-json\/wp\/v2\/posts"}],"about":[{"href":"https:\/\/mucbo.org\/es\/wp-json\/wp\/v2\/types\/post"}],"author":[{"embeddable":true,"href":"https:\/\/mucbo.org\/es\/wp-json\/wp\/v2\/users\/4"}],"replies":[{"embeddable":true,"href":"https:\/\/mucbo.org\/es\/wp-json\/wp\/v2\/comments?post=6961"}],"version-history":[{"count":2,"href":"https:\/\/mucbo.org\/es\/wp-json\/wp\/v2\/posts\/6961\/revisions"}],"predecessor-version":[{"id":7002,"href":"https:\/\/mucbo.org\/es\/wp-json\/wp\/v2\/posts\/6961\/revisions\/7002"}],"wp:featuredmedia":[{"embeddable":true,"href":"https:\/\/mucbo.org\/es\/wp-json\/wp\/v2\/media\/6952"}],"wp:attachment":[{"href":"https:\/\/mucbo.org\/es\/wp-json\/wp\/v2\/media?parent=6961"}],"wp:term":[{"taxonomy":"category","embeddable":true,"href":"https:\/\/mucbo.org\/es\/wp-json\/wp\/v2\/categories?post=6961"},{"taxonomy":"post_tag","embeddable":true,"href":"https:\/\/mucbo.org\/es\/wp-json\/wp\/v2\/tags?post=6961"}],"curies":[{"name":"wp","href":"https:\/\/api.w.org\/{rel}","templated":true}]}}