{"id":6944,"date":"2025-03-25T10:28:29","date_gmt":"2025-03-25T08:28:29","guid":{"rendered":"https:\/\/mucbo.org\/tallers-per-a-vacances-els-exploradors-del-planeta-terra\/"},"modified":"2025-02-26T09:25:23","modified_gmt":"2025-02-26T07:25:23","slug":"tallers-per-a-vacances-els-exploradors-del-planeta-terra","status":"publish","type":"post","link":"https:\/\/mucbo.org\/es\/tallers-per-a-vacances-els-exploradors-del-planeta-terra\/","title":{"rendered":"TALLERS PER A VACANCES | Els exploradors del planeta Terra\u00a0"},"content":{"rendered":"<p>El MUCBO ya est\u00e1 preparando los talleres did\u00e1cticos pensados para que los m\u00e1s peque\u00f1os de la familia descubran la naturaleza durante las vacaciones de Semana Santa.<\/p><p>Estos talleres, dirigidos a ni\u00f1os y ni\u00f1as de 4 a 12 a\u00f1os, tendr\u00e1n como objetivo principal explorar el planeta tierra desde diferentes ciencias naturales, descubriendo los elementos que hacen posible la vida en nuestro planeta.<\/p><p>A trav\u00e9s de experimentos e investigaciones peque\u00f1as a trav\u00e9s de las colecciones del Jard\u00edn y del Museo, jugaremos y exploraremos la atm\u00f3sfera, la hidrosfera, la geosfera y la biodiversidad de flora y fauna que la habita.<\/p><p>Adem\u00e1s de los talleres did\u00e1cticos, ofreceremos escuela matinal de 8 a 9 h, servicio de mediod\u00eda de 13 a 14 h y servicio de comedor de 14 a 15 h.<\/p><p><\/p>","protected":false},"excerpt":{"rendered":"<p>El MUCBO ya est\u00e1 preparando los talleres did\u00e1cticos pensados para que los m\u00e1s peque\u00f1os de la familia descubran la naturaleza durante las vacaciones de Semana Santa. Estos talleres, dirigidos a ni\u00f1os y ni\u00f1as de 4 a 12 a\u00f1os, tendr\u00e1n como objetivo principal explorar el planeta tierra desde diferentes ciencias naturales, descubriendo los elementos que hacen [&hellip;]<\/p>\n","protected":false},"author":4,"featured_media":6941,"comment_status":"closed","ping_status":"closed","sticky":false,"template":"","format":"standard","meta":{"_acf_changed":false,"footnotes":""},"categories":[134,132],"tags":[],"class_list":["post-6944","post","type-post","status-publish","format-standard","has-post-thumbnail","hentry","category-actividades-pasadas","category-agenda"],"acf":[],"yoast_head":"<!-- This site is optimized with the Yoast SEO plugin v24.2 - https:\/\/yoast.com\/wordpress\/plugins\/seo\/ -->\n<title>TALLERS PER A VACANCES | Els exploradors del planeta Terra\u00a0 - MUCBO<\/title>\n<meta name=\"robots\" content=\"index, follow, max-snippet:-1, max-image-preview:large, max-video-preview:-1\" \/>\n<link rel=\"canonical\" href=\"https:\/\/mucbo.org\/es\/tallers-per-a-vacances-els-exploradors-del-planeta-terra\/\" \/>\n<meta property=\"og:locale\" content=\"es_ES\" \/>\n<meta property=\"og:type\" content=\"article\" \/>\n<meta property=\"og:title\" content=\"TALLERS PER A VACANCES | Els exploradors del planeta Terra\u00a0 - MUCBO\" \/>\n<meta property=\"og:description\" content=\"El MUCBO ya est\u00e1 preparando los talleres did\u00e1cticos pensados para que los m\u00e1s peque\u00f1os de la familia descubran la naturaleza durante las vacaciones de Semana Santa. Estos talleres, dirigidos a ni\u00f1os y ni\u00f1as de 4 a 12 a\u00f1os, tendr\u00e1n como objetivo principal explorar el planeta tierra desde diferentes ciencias naturales, descubriendo los elementos que hacen [&hellip;]\" \/>\n<meta property=\"og:url\" content=\"https:\/\/mucbo.org\/es\/tallers-per-a-vacances-els-exploradors-del-planeta-terra\/\" \/>\n<meta property=\"og:site_name\" content=\"MUCBO\" \/>\n<meta property=\"article:published_time\" content=\"2025-03-25T08:28:29+00:00\" \/>\n<meta property=\"article:modified_time\" content=\"2025-02-26T07:25:23+00:00\" \/>\n<meta property=\"og:image\" content=\"https:\/\/mucbo.org\/wp-content\/uploads\/2025-Activitats-infantils-1.jpg\" \/>\n\t<meta property=\"og:image:width\" content=\"1080\" \/>\n\t<meta property=\"og:image:height\" content=\"1080\" \/>\n\t<meta property=\"og:image:type\" content=\"image\/jpeg\" \/>\n<meta name=\"author\" content=\"malena\" \/>\n<meta name=\"twitter:card\" content=\"summary_large_image\" \/>\n<meta name=\"twitter:label1\" content=\"Escrito por\" \/>\n\t<meta name=\"twitter:data1\" content=\"malena\" \/>\n\t<meta name=\"twitter:label2\" content=\"Tiempo de lectura\" \/>\n\t<meta name=\"twitter:data2\" content=\"1 minuto\" \/>\n<script type=\"application\/ld+json\" class=\"yoast-schema-graph\">{\"@context\":\"https:\/\/schema.org\",\"@graph\":[{\"@type\":\"WebPage\",\"@id\":\"https:\/\/mucbo.org\/es\/tallers-per-a-vacances-els-exploradors-del-planeta-terra\/\",\"url\":\"https:\/\/mucbo.org\/es\/tallers-per-a-vacances-els-exploradors-del-planeta-terra\/\",\"name\":\"TALLERS PER A VACANCES | Els exploradors del planeta Terra\u00a0 - MUCBO\",\"isPartOf\":{\"@id\":\"https:\/\/mucbo.org\/es\/#website\"},\"primaryImageOfPage\":{\"@id\":\"https:\/\/mucbo.org\/es\/tallers-per-a-vacances-els-exploradors-del-planeta-terra\/#primaryimage\"},\"image\":{\"@id\":\"https:\/\/mucbo.org\/es\/tallers-per-a-vacances-els-exploradors-del-planeta-terra\/#primaryimage\"},\"thumbnailUrl\":\"https:\/\/mucbo.org\/wp-content\/uploads\/2025-Activitats-infantils-1.jpg\",\"datePublished\":\"2025-03-25T08:28:29+00:00\",\"dateModified\":\"2025-02-26T07:25:23+00:00\",\"author\":{\"@id\":\"https:\/\/mucbo.org\/es\/#\/schema\/person\/6960a8294e5a404ddd31b1c8ef1a75b9\"},\"breadcrumb\":{\"@id\":\"https:\/\/mucbo.org\/es\/tallers-per-a-vacances-els-exploradors-del-planeta-terra\/#breadcrumb\"},\"inLanguage\":\"es\",\"potentialAction\":[{\"@type\":\"ReadAction\",\"target\":[\"https:\/\/mucbo.org\/es\/tallers-per-a-vacances-els-exploradors-del-planeta-terra\/\"]}]},{\"@type\":\"ImageObject\",\"inLanguage\":\"es\",\"@id\":\"https:\/\/mucbo.org\/es\/tallers-per-a-vacances-els-exploradors-del-planeta-terra\/#primaryimage\",\"url\":\"https:\/\/mucbo.org\/wp-content\/uploads\/2025-Activitats-infantils-1.jpg\",\"contentUrl\":\"https:\/\/mucbo.org\/wp-content\/uploads\/2025-Activitats-infantils-1.jpg\",\"width\":1080,\"height\":1080},{\"@type\":\"BreadcrumbList\",\"@id\":\"https:\/\/mucbo.org\/es\/tallers-per-a-vacances-els-exploradors-del-planeta-terra\/#breadcrumb\",\"itemListElement\":[{\"@type\":\"ListItem\",\"position\":1,\"name\":\"Inicio\",\"item\":\"https:\/\/mucbo.org\/es\/\"},{\"@type\":\"ListItem\",\"position\":2,\"name\":\"TALLERS PER A VACANCES | Els exploradors del planeta Terra\u00a0\"}]},{\"@type\":\"WebSite\",\"@id\":\"https:\/\/mucbo.org\/es\/#website\",\"url\":\"https:\/\/mucbo.org\/es\/\",\"name\":\"MUCBO\",\"description\":\"Fundaci\u00f3 Jard\u00ed Bot\u00e0nic de S\u00f3ller - Museu Balear de Ci\u00e8ncies Naturals\",\"potentialAction\":[{\"@type\":\"SearchAction\",\"target\":{\"@type\":\"EntryPoint\",\"urlTemplate\":\"https:\/\/mucbo.org\/es\/?s={search_term_string}\"},\"query-input\":{\"@type\":\"PropertyValueSpecification\",\"valueRequired\":true,\"valueName\":\"search_term_string\"}}],\"inLanguage\":\"es\"},{\"@type\":\"Person\",\"@id\":\"https:\/\/mucbo.org\/es\/#\/schema\/person\/6960a8294e5a404ddd31b1c8ef1a75b9\",\"name\":\"malena\"}]}<\/script>\n<!-- \/ Yoast SEO plugin. -->","yoast_head_json":{"title":"TALLERS PER A VACANCES | Els exploradors del planeta Terra\u00a0 - MUCBO","robots":{"index":"index","follow":"follow","max-snippet":"max-snippet:-1","max-image-preview":"max-image-preview:large","max-video-preview":"max-video-preview:-1"},"canonical":"https:\/\/mucbo.org\/es\/tallers-per-a-vacances-els-exploradors-del-planeta-terra\/","og_locale":"es_ES","og_type":"article","og_title":"TALLERS PER A VACANCES | Els exploradors del planeta Terra\u00a0 - MUCBO","og_description":"El MUCBO ya est\u00e1 preparando los talleres did\u00e1cticos pensados para que los m\u00e1s peque\u00f1os de la familia descubran la naturaleza durante las vacaciones de Semana Santa. Estos talleres, dirigidos a ni\u00f1os y ni\u00f1as de 4 a 12 a\u00f1os, tendr\u00e1n como objetivo principal explorar el planeta tierra desde diferentes ciencias naturales, descubriendo los elementos que hacen [&hellip;]","og_url":"https:\/\/mucbo.org\/es\/tallers-per-a-vacances-els-exploradors-del-planeta-terra\/","og_site_name":"MUCBO","article_published_time":"2025-03-25T08:28:29+00:00","article_modified_time":"2025-02-26T07:25:23+00:00","og_image":[{"width":1080,"height":1080,"url":"https:\/\/mucbo.org\/wp-content\/uploads\/2025-Activitats-infantils-1.jpg","type":"image\/jpeg"}],"author":"malena","twitter_card":"summary_large_image","twitter_misc":{"Escrito por":"malena","Tiempo de lectura":"1 minuto"},"schema":{"@context":"https:\/\/schema.org","@graph":[{"@type":"WebPage","@id":"https:\/\/mucbo.org\/es\/tallers-per-a-vacances-els-exploradors-del-planeta-terra\/","url":"https:\/\/mucbo.org\/es\/tallers-per-a-vacances-els-exploradors-del-planeta-terra\/","name":"TALLERS PER A VACANCES | Els exploradors del planeta Terra\u00a0 - MUCBO","isPartOf":{"@id":"https:\/\/mucbo.org\/es\/#website"},"primaryImageOfPage":{"@id":"https:\/\/mucbo.org\/es\/tallers-per-a-vacances-els-exploradors-del-planeta-terra\/#primaryimage"},"image":{"@id":"https:\/\/mucbo.org\/es\/tallers-per-a-vacances-els-exploradors-del-planeta-terra\/#primaryimage"},"thumbnailUrl":"https:\/\/mucbo.org\/wp-content\/uploads\/2025-Activitats-infantils-1.jpg","datePublished":"2025-03-25T08:28:29+00:00","dateModified":"2025-02-26T07:25:23+00:00","author":{"@id":"https:\/\/mucbo.org\/es\/#\/schema\/person\/6960a8294e5a404ddd31b1c8ef1a75b9"},"breadcrumb":{"@id":"https:\/\/mucbo.org\/es\/tallers-per-a-vacances-els-exploradors-del-planeta-terra\/#breadcrumb"},"inLanguage":"es","potentialAction":[{"@type":"ReadAction","target":["https:\/\/mucbo.org\/es\/tallers-per-a-vacances-els-exploradors-del-planeta-terra\/"]}]},{"@type":"ImageObject","inLanguage":"es","@id":"https:\/\/mucbo.org\/es\/tallers-per-a-vacances-els-exploradors-del-planeta-terra\/#primaryimage","url":"https:\/\/mucbo.org\/wp-content\/uploads\/2025-Activitats-infantils-1.jpg","contentUrl":"https:\/\/mucbo.org\/wp-content\/uploads\/2025-Activitats-infantils-1.jpg","width":1080,"height":1080},{"@type":"BreadcrumbList","@id":"https:\/\/mucbo.org\/es\/tallers-per-a-vacances-els-exploradors-del-planeta-terra\/#breadcrumb","itemListElement":[{"@type":"ListItem","position":1,"name":"Inicio","item":"https:\/\/mucbo.org\/es\/"},{"@type":"ListItem","position":2,"name":"TALLERS PER A VACANCES | Els exploradors del planeta Terra\u00a0"}]},{"@type":"WebSite","@id":"https:\/\/mucbo.org\/es\/#website","url":"https:\/\/mucbo.org\/es\/","name":"MUCBO","description":"Fundaci\u00f3 Jard\u00ed Bot\u00e0nic de S\u00f3ller - Museu Balear de Ci\u00e8ncies Naturals","potentialAction":[{"@type":"SearchAction","target":{"@type":"EntryPoint","urlTemplate":"https:\/\/mucbo.org\/es\/?s={search_term_string}"},"query-input":{"@type":"PropertyValueSpecification","valueRequired":true,"valueName":"search_term_string"}}],"inLanguage":"es"},{"@type":"Person","@id":"https:\/\/mucbo.org\/es\/#\/schema\/person\/6960a8294e5a404ddd31b1c8ef1a75b9","name":"malena"}]}},"_links":{"self":[{"href":"https:\/\/mucbo.org\/es\/wp-json\/wp\/v2\/posts\/6944","targetHints":{"allow":["GET"]}}],"collection":[{"href":"https:\/\/mucbo.org\/es\/wp-json\/wp\/v2\/posts"}],"about":[{"href":"https:\/\/mucbo.org\/es\/wp-json\/wp\/v2\/types\/post"}],"author":[{"embeddable":true,"href":"https:\/\/mucbo.org\/es\/wp-json\/wp\/v2\/users\/4"}],"replies":[{"embeddable":true,"href":"https:\/\/mucbo.org\/es\/wp-json\/wp\/v2\/comments?post=6944"}],"version-history":[{"count":4,"href":"https:\/\/mucbo.org\/es\/wp-json\/wp\/v2\/posts\/6944\/revisions"}],"predecessor-version":[{"id":7013,"href":"https:\/\/mucbo.org\/es\/wp-json\/wp\/v2\/posts\/6944\/revisions\/7013"}],"wp:featuredmedia":[{"embeddable":true,"href":"https:\/\/mucbo.org\/es\/wp-json\/wp\/v2\/media\/6941"}],"wp:attachment":[{"href":"https:\/\/mucbo.org\/es\/wp-json\/wp\/v2\/media?parent=6944"}],"wp:term":[{"taxonomy":"category","embeddable":true,"href":"https:\/\/mucbo.org\/es\/wp-json\/wp\/v2\/categories?post=6944"},{"taxonomy":"post_tag","embeddable":true,"href":"https:\/\/mucbo.org\/es\/wp-json\/wp\/v2\/tags?post=6944"}],"curies":[{"name":"wp","href":"https:\/\/api.w.org\/{rel}","templated":true}]}}