{"id":4692,"date":"2024-10-29T15:23:25","date_gmt":"2024-10-29T13:23:25","guid":{"rendered":"https:\/\/mucbo.org\/inauguracio-de-lexposicio-permo-tries-quan-la-vida-gairebe-va-desapareixer-de-la-terra\/"},"modified":"2025-01-24T12:53:58","modified_gmt":"2025-01-24T10:53:58","slug":"permo-trias-cuando-la-vida-casi-desaparecio-de-la-tierra","status":"publish","type":"post","link":"https:\/\/mucbo.org\/es\/permo-trias-cuando-la-vida-casi-desaparecio-de-la-tierra\/","title":{"rendered":"Permo-trias: cuando la vida casi desapareci\u00f3 de la tierra"},"content":{"rendered":"<p>De noviembre de 2024 a abril de 2025 venid a realizar un viaje en el tiempo gracias a la nueva exposici\u00f3n paleontol\u00f3gica del MUCBO.<\/p><p>PERMO-TRIAS: CUANDO LA VIDA CASI DESAPARECIO DE LA TIERRA pretende dar a conocer los \u00faltimos descubrimientos paleontol\u00f3gicos del P\u00e9rmico y el Tri\u00e1sico en Baleares y Catalu\u00f1a. A trav\u00e9s de esta exposici\u00f3n podremos conocer las caracter\u00edsticas y tendencias globales del p\u00e9rmico y Tri\u00e1sico: como estaban dispuestos los continentes, cu\u00e1les eran los climas dominantes, como eran sus ecosistemas, y que animales y plantes los habitaban. Adem\u00e1s, dedica especial atenci\u00f3n al evento de extinci\u00f3n masiva de la transici\u00f3n P\u00e9rmico-Tri\u00e1sico, el m\u00e1s grande de la historia de la vida compleja en la Tierra, con estimaciones de hasta un 90-95% de extinci\u00f3n de la biosfera, reflexionando sobre las posibles consecuencias del cambio clim\u00e1tico a partir de las lecciones derivadas de lo que sucedi\u00f3 hace 250 millones de a\u00f1os.<\/p>","protected":false},"excerpt":{"rendered":"<p>De noviembre de 2024 a abril de 2025 venid a realizar un viaje en el tiempo gracias a la nueva exposici\u00f3n paleontol\u00f3gica del MUCBO. PERMO-TRIAS: CUANDO LA VIDA CASI DESAPARECIO DE LA TIERRA pretende dar a conocer los \u00faltimos descubrimientos paleontol\u00f3gicos del P\u00e9rmico y el Tri\u00e1sico en Baleares y Catalu\u00f1a. A trav\u00e9s de esta exposici\u00f3n [&hellip;]<\/p>\n","protected":false},"author":1,"featured_media":4206,"comment_status":"closed","ping_status":"closed","sticky":false,"template":"","format":"standard","meta":{"_acf_changed":false,"footnotes":""},"categories":[134,132],"tags":[],"class_list":["post-4692","post","type-post","status-publish","format-standard","has-post-thumbnail","hentry","category-actividades-pasadas","category-agenda"],"acf":[],"yoast_head":"<!-- This site is optimized with the Yoast SEO plugin v24.2 - https:\/\/yoast.com\/wordpress\/plugins\/seo\/ -->\n<title>Permo-trias: cuando la vida casi desapareci\u00f3 de la tierra - MUCBO<\/title>\n<meta name=\"robots\" content=\"index, follow, max-snippet:-1, max-image-preview:large, max-video-preview:-1\" \/>\n<link rel=\"canonical\" href=\"https:\/\/mucbo.org\/es\/permo-trias-cuando-la-vida-casi-desaparecio-de-la-tierra\/\" \/>\n<meta property=\"og:locale\" content=\"es_ES\" \/>\n<meta property=\"og:type\" content=\"article\" \/>\n<meta property=\"og:title\" content=\"Permo-trias: cuando la vida casi desapareci\u00f3 de la tierra - MUCBO\" \/>\n<meta property=\"og:description\" content=\"De noviembre de 2024 a abril de 2025 venid a realizar un viaje en el tiempo gracias a la nueva exposici\u00f3n paleontol\u00f3gica del MUCBO. PERMO-TRIAS: CUANDO LA VIDA CASI DESAPARECIO DE LA TIERRA pretende dar a conocer los \u00faltimos descubrimientos paleontol\u00f3gicos del P\u00e9rmico y el Tri\u00e1sico en Baleares y Catalu\u00f1a. A trav\u00e9s de esta exposici\u00f3n [&hellip;]\" \/>\n<meta property=\"og:url\" content=\"https:\/\/mucbo.org\/es\/permo-trias-cuando-la-vida-casi-desaparecio-de-la-tierra\/\" \/>\n<meta property=\"og:site_name\" content=\"MUCBO\" \/>\n<meta property=\"article:published_time\" content=\"2024-10-29T13:23:25+00:00\" \/>\n<meta property=\"article:modified_time\" content=\"2025-01-24T10:53:58+00:00\" \/>\n<meta property=\"og:image\" content=\"https:\/\/mucbo.org\/wp-content\/uploads\/2024-Inauguracions-exposicions-MUCBO-PERMO-TRIAS.png\" \/>\n\t<meta property=\"og:image:width\" content=\"1080\" \/>\n\t<meta property=\"og:image:height\" content=\"1080\" \/>\n\t<meta property=\"og:image:type\" content=\"image\/png\" \/>\n<meta name=\"author\" content=\"adminsom2\" \/>\n<meta name=\"twitter:card\" content=\"summary_large_image\" \/>\n<meta name=\"twitter:label1\" content=\"Escrito por\" \/>\n\t<meta name=\"twitter:data1\" content=\"adminsom2\" \/>\n\t<meta name=\"twitter:label2\" content=\"Tiempo de lectura\" \/>\n\t<meta name=\"twitter:data2\" content=\"2 minutos\" \/>\n<script type=\"application\/ld+json\" class=\"yoast-schema-graph\">{\"@context\":\"https:\/\/schema.org\",\"@graph\":[{\"@type\":\"WebPage\",\"@id\":\"https:\/\/mucbo.org\/es\/permo-trias-cuando-la-vida-casi-desaparecio-de-la-tierra\/\",\"url\":\"https:\/\/mucbo.org\/es\/permo-trias-cuando-la-vida-casi-desaparecio-de-la-tierra\/\",\"name\":\"Permo-trias: cuando la vida casi desapareci\u00f3 de la tierra - MUCBO\",\"isPartOf\":{\"@id\":\"https:\/\/mucbo.org\/es\/#website\"},\"primaryImageOfPage\":{\"@id\":\"https:\/\/mucbo.org\/es\/permo-trias-cuando-la-vida-casi-desaparecio-de-la-tierra\/#primaryimage\"},\"image\":{\"@id\":\"https:\/\/mucbo.org\/es\/permo-trias-cuando-la-vida-casi-desaparecio-de-la-tierra\/#primaryimage\"},\"thumbnailUrl\":\"https:\/\/mucbo.org\/wp-content\/uploads\/2024-Inauguracions-exposicions-MUCBO-PERMO-TRIAS.png\",\"datePublished\":\"2024-10-29T13:23:25+00:00\",\"dateModified\":\"2025-01-24T10:53:58+00:00\",\"author\":{\"@id\":\"https:\/\/mucbo.org\/es\/#\/schema\/person\/aa25e9cf777954f2df0ae5c6f836a2a8\"},\"breadcrumb\":{\"@id\":\"https:\/\/mucbo.org\/es\/permo-trias-cuando-la-vida-casi-desaparecio-de-la-tierra\/#breadcrumb\"},\"inLanguage\":\"es\",\"potentialAction\":[{\"@type\":\"ReadAction\",\"target\":[\"https:\/\/mucbo.org\/es\/permo-trias-cuando-la-vida-casi-desaparecio-de-la-tierra\/\"]}]},{\"@type\":\"ImageObject\",\"inLanguage\":\"es\",\"@id\":\"https:\/\/mucbo.org\/es\/permo-trias-cuando-la-vida-casi-desaparecio-de-la-tierra\/#primaryimage\",\"url\":\"https:\/\/mucbo.org\/wp-content\/uploads\/2024-Inauguracions-exposicions-MUCBO-PERMO-TRIAS.png\",\"contentUrl\":\"https:\/\/mucbo.org\/wp-content\/uploads\/2024-Inauguracions-exposicions-MUCBO-PERMO-TRIAS.png\",\"width\":1080,\"height\":1080},{\"@type\":\"BreadcrumbList\",\"@id\":\"https:\/\/mucbo.org\/es\/permo-trias-cuando-la-vida-casi-desaparecio-de-la-tierra\/#breadcrumb\",\"itemListElement\":[{\"@type\":\"ListItem\",\"position\":1,\"name\":\"Inicio\",\"item\":\"https:\/\/mucbo.org\/es\/\"},{\"@type\":\"ListItem\",\"position\":2,\"name\":\"Permo-trias: cuando la vida casi desapareci\u00f3 de la tierra\"}]},{\"@type\":\"WebSite\",\"@id\":\"https:\/\/mucbo.org\/es\/#website\",\"url\":\"https:\/\/mucbo.org\/es\/\",\"name\":\"MUCBO\",\"description\":\"Fundaci\u00f3 Jard\u00ed Bot\u00e0nic de S\u00f3ller - Museu Balear de Ci\u00e8ncies Naturals\",\"potentialAction\":[{\"@type\":\"SearchAction\",\"target\":{\"@type\":\"EntryPoint\",\"urlTemplate\":\"https:\/\/mucbo.org\/es\/?s={search_term_string}\"},\"query-input\":{\"@type\":\"PropertyValueSpecification\",\"valueRequired\":true,\"valueName\":\"search_term_string\"}}],\"inLanguage\":\"es\"},{\"@type\":\"Person\",\"@id\":\"https:\/\/mucbo.org\/es\/#\/schema\/person\/aa25e9cf777954f2df0ae5c6f836a2a8\",\"name\":\"adminsom2\",\"sameAs\":[\"http:\/\/mucbo.local\"]}]}<\/script>\n<!-- \/ Yoast SEO plugin. -->","yoast_head_json":{"title":"Permo-trias: cuando la vida casi desapareci\u00f3 de la tierra - MUCBO","robots":{"index":"index","follow":"follow","max-snippet":"max-snippet:-1","max-image-preview":"max-image-preview:large","max-video-preview":"max-video-preview:-1"},"canonical":"https:\/\/mucbo.org\/es\/permo-trias-cuando-la-vida-casi-desaparecio-de-la-tierra\/","og_locale":"es_ES","og_type":"article","og_title":"Permo-trias: cuando la vida casi desapareci\u00f3 de la tierra - MUCBO","og_description":"De noviembre de 2024 a abril de 2025 venid a realizar un viaje en el tiempo gracias a la nueva exposici\u00f3n paleontol\u00f3gica del MUCBO. PERMO-TRIAS: CUANDO LA VIDA CASI DESAPARECIO DE LA TIERRA pretende dar a conocer los \u00faltimos descubrimientos paleontol\u00f3gicos del P\u00e9rmico y el Tri\u00e1sico en Baleares y Catalu\u00f1a. A trav\u00e9s de esta exposici\u00f3n [&hellip;]","og_url":"https:\/\/mucbo.org\/es\/permo-trias-cuando-la-vida-casi-desaparecio-de-la-tierra\/","og_site_name":"MUCBO","article_published_time":"2024-10-29T13:23:25+00:00","article_modified_time":"2025-01-24T10:53:58+00:00","og_image":[{"width":1080,"height":1080,"url":"https:\/\/mucbo.org\/wp-content\/uploads\/2024-Inauguracions-exposicions-MUCBO-PERMO-TRIAS.png","type":"image\/png"}],"author":"adminsom2","twitter_card":"summary_large_image","twitter_misc":{"Escrito por":"adminsom2","Tiempo de lectura":"2 minutos"},"schema":{"@context":"https:\/\/schema.org","@graph":[{"@type":"WebPage","@id":"https:\/\/mucbo.org\/es\/permo-trias-cuando-la-vida-casi-desaparecio-de-la-tierra\/","url":"https:\/\/mucbo.org\/es\/permo-trias-cuando-la-vida-casi-desaparecio-de-la-tierra\/","name":"Permo-trias: cuando la vida casi desapareci\u00f3 de la tierra - MUCBO","isPartOf":{"@id":"https:\/\/mucbo.org\/es\/#website"},"primaryImageOfPage":{"@id":"https:\/\/mucbo.org\/es\/permo-trias-cuando-la-vida-casi-desaparecio-de-la-tierra\/#primaryimage"},"image":{"@id":"https:\/\/mucbo.org\/es\/permo-trias-cuando-la-vida-casi-desaparecio-de-la-tierra\/#primaryimage"},"thumbnailUrl":"https:\/\/mucbo.org\/wp-content\/uploads\/2024-Inauguracions-exposicions-MUCBO-PERMO-TRIAS.png","datePublished":"2024-10-29T13:23:25+00:00","dateModified":"2025-01-24T10:53:58+00:00","author":{"@id":"https:\/\/mucbo.org\/es\/#\/schema\/person\/aa25e9cf777954f2df0ae5c6f836a2a8"},"breadcrumb":{"@id":"https:\/\/mucbo.org\/es\/permo-trias-cuando-la-vida-casi-desaparecio-de-la-tierra\/#breadcrumb"},"inLanguage":"es","potentialAction":[{"@type":"ReadAction","target":["https:\/\/mucbo.org\/es\/permo-trias-cuando-la-vida-casi-desaparecio-de-la-tierra\/"]}]},{"@type":"ImageObject","inLanguage":"es","@id":"https:\/\/mucbo.org\/es\/permo-trias-cuando-la-vida-casi-desaparecio-de-la-tierra\/#primaryimage","url":"https:\/\/mucbo.org\/wp-content\/uploads\/2024-Inauguracions-exposicions-MUCBO-PERMO-TRIAS.png","contentUrl":"https:\/\/mucbo.org\/wp-content\/uploads\/2024-Inauguracions-exposicions-MUCBO-PERMO-TRIAS.png","width":1080,"height":1080},{"@type":"BreadcrumbList","@id":"https:\/\/mucbo.org\/es\/permo-trias-cuando-la-vida-casi-desaparecio-de-la-tierra\/#breadcrumb","itemListElement":[{"@type":"ListItem","position":1,"name":"Inicio","item":"https:\/\/mucbo.org\/es\/"},{"@type":"ListItem","position":2,"name":"Permo-trias: cuando la vida casi desapareci\u00f3 de la tierra"}]},{"@type":"WebSite","@id":"https:\/\/mucbo.org\/es\/#website","url":"https:\/\/mucbo.org\/es\/","name":"MUCBO","description":"Fundaci\u00f3 Jard\u00ed Bot\u00e0nic de S\u00f3ller - Museu Balear de Ci\u00e8ncies Naturals","potentialAction":[{"@type":"SearchAction","target":{"@type":"EntryPoint","urlTemplate":"https:\/\/mucbo.org\/es\/?s={search_term_string}"},"query-input":{"@type":"PropertyValueSpecification","valueRequired":true,"valueName":"search_term_string"}}],"inLanguage":"es"},{"@type":"Person","@id":"https:\/\/mucbo.org\/es\/#\/schema\/person\/aa25e9cf777954f2df0ae5c6f836a2a8","name":"adminsom2","sameAs":["http:\/\/mucbo.local"]}]}},"_links":{"self":[{"href":"https:\/\/mucbo.org\/es\/wp-json\/wp\/v2\/posts\/4692","targetHints":{"allow":["GET"]}}],"collection":[{"href":"https:\/\/mucbo.org\/es\/wp-json\/wp\/v2\/posts"}],"about":[{"href":"https:\/\/mucbo.org\/es\/wp-json\/wp\/v2\/types\/post"}],"author":[{"embeddable":true,"href":"https:\/\/mucbo.org\/es\/wp-json\/wp\/v2\/users\/1"}],"replies":[{"embeddable":true,"href":"https:\/\/mucbo.org\/es\/wp-json\/wp\/v2\/comments?post=4692"}],"version-history":[{"count":2,"href":"https:\/\/mucbo.org\/es\/wp-json\/wp\/v2\/posts\/4692\/revisions"}],"predecessor-version":[{"id":5586,"href":"https:\/\/mucbo.org\/es\/wp-json\/wp\/v2\/posts\/4692\/revisions\/5586"}],"wp:featuredmedia":[{"embeddable":true,"href":"https:\/\/mucbo.org\/es\/wp-json\/wp\/v2\/media\/4206"}],"wp:attachment":[{"href":"https:\/\/mucbo.org\/es\/wp-json\/wp\/v2\/media?parent=4692"}],"wp:term":[{"taxonomy":"category","embeddable":true,"href":"https:\/\/mucbo.org\/es\/wp-json\/wp\/v2\/categories?post=4692"},{"taxonomy":"post_tag","embeddable":true,"href":"https:\/\/mucbo.org\/es\/wp-json\/wp\/v2\/tags?post=4692"}],"curies":[{"name":"wp","href":"https:\/\/api.w.org\/{rel}","templated":true}]}}