{"id":12562,"date":"2026-09-03T14:37:49","date_gmt":"2026-09-03T12:37:49","guid":{"rendered":"https:\/\/mucbo.org\/el-mucbo-rep-una-valuosa-donacio-per-a-la-conservacio-de-les-seves-colleccions\/"},"modified":"2026-09-03T14:37:49","modified_gmt":"2026-09-03T12:37:49","slug":"el-mucbo-rep-una-valuosa-donacio-per-a-la-conservacio-de-les-seves-colleccions","status":"publish","type":"post","link":"https:\/\/mucbo.org\/es\/el-mucbo-rep-una-valuosa-donacio-per-a-la-conservacio-de-les-seves-colleccions\/","title":{"rendered":"El MUCBO rep una valuosa donaci\u00f3 per a la conservaci\u00f3 de les seves col\u00b7leccions"},"content":{"rendered":"<p class=\"wp-block-paragraph\">Mateu Cifre ha fet una generosa donaci\u00f3 de 4.000\u20ac al MUCBO per tal de continuar amb la catalogaci\u00f3 de la col\u00b7lecci\u00f3 de mol\u00b7luscs confiada al Museu l\u2019any 2024.<\/p><p class=\"wp-block-paragraph\">El naturalista i malac\u00f2leg solleric Mateu Cifre Magro, qui fou un dels socis fundadors del Museu Balear de Ci\u00e8ncies Nnaturals, \u00e9s el creador d\u2019una de les col\u00b7leccions de mol\u00b7luscos m\u00e9s importants de les Illes Balears, formada per milers d\u2019exemplars recollits durant m\u00e9s de cinc d\u00e8cades de treball. L\u2019any 2024 va donar la seva col\u00b7lecci\u00f3 al Museu per a la seva conservaci\u00f3, i ara continua donant suport al MUCBO amb aquesta donaci\u00f3, que permetr\u00e0 continuar avan\u00e7ant en l\u2019estudi de la malacologia i la conservaci\u00f3 i catalogaci\u00f3 d\u2019aquesta important\u00edssima col\u00b7lecci\u00f3 perqu\u00e8 en puguin gaudir futures generacions de cient\u00edfics i naturalistes.<\/p><p class=\"wp-block-paragraph\">El MUCBO vol expressar el seu profund agra\u00efment per aquesta mostra tan important de suport, no nom\u00e9s per al funcionament del Museu sin\u00f3 tamb\u00e9 per al conjunt de l\u2019estudi de les ci\u00e8ncies naturals a les Illes Balears.<\/p>","protected":false},"excerpt":{"rendered":"<p>Mateu Cifre ha fet una generosa donaci\u00f3 de 4.000\u20ac al MUCBO per tal de continuar amb la catalogaci\u00f3 de la col\u00b7lecci\u00f3 de mol\u00b7luscs confiada al Museu l\u2019any 2024. El naturalista i malac\u00f2leg solleric Mateu Cifre Magro, qui fou un dels socis fundadors del Museu Balear de Ci\u00e8ncies Nnaturals, \u00e9s el creador d\u2019una de les col\u00b7leccions [&hellip;]<\/p>\n","protected":false},"author":6,"featured_media":12549,"comment_status":"closed","ping_status":"closed","sticky":false,"template":"","format":"standard","meta":{"_acf_changed":false,"footnotes":""},"categories":[136],"tags":[],"class_list":["post-12562","post","type-post","status-publish","format-standard","has-post-thumbnail","hentry","category-noticias"],"acf":[],"yoast_head":"<!-- This site is optimized with the Yoast SEO plugin v24.2 - https:\/\/yoast.com\/wordpress\/plugins\/seo\/ -->\n<title>El MUCBO rep una valuosa donaci\u00f3 per a la conservaci\u00f3 de les seves col\u00b7leccions - MUCBO<\/title>\n<meta name=\"robots\" content=\"index, follow, max-snippet:-1, max-image-preview:large, max-video-preview:-1\" \/>\n<link rel=\"canonical\" href=\"https:\/\/mucbo.org\/es\/el-mucbo-rep-una-valuosa-donacio-per-a-la-conservacio-de-les-seves-colleccions\/\" \/>\n<meta property=\"og:locale\" content=\"es_ES\" \/>\n<meta property=\"og:type\" content=\"article\" \/>\n<meta property=\"og:title\" content=\"El MUCBO rep una valuosa donaci\u00f3 per a la conservaci\u00f3 de les seves col\u00b7leccions - MUCBO\" \/>\n<meta property=\"og:description\" content=\"Mateu Cifre ha fet una generosa donaci\u00f3 de 4.000\u20ac al MUCBO per tal de continuar amb la catalogaci\u00f3 de la col\u00b7lecci\u00f3 de mol\u00b7luscs confiada al Museu l\u2019any 2024. El naturalista i malac\u00f2leg solleric Mateu Cifre Magro, qui fou un dels socis fundadors del Museu Balear de Ci\u00e8ncies Nnaturals, \u00e9s el creador d\u2019una de les col\u00b7leccions [&hellip;]\" \/>\n<meta property=\"og:url\" content=\"https:\/\/mucbo.org\/es\/el-mucbo-rep-una-valuosa-donacio-per-a-la-conservacio-de-les-seves-colleccions\/\" \/>\n<meta property=\"og:site_name\" content=\"MUCBO\" \/>\n<meta property=\"article:published_time\" content=\"2026-09-03T12:37:49+00:00\" \/>\n<meta name=\"author\" content=\"mpcloquell\" \/>\n<meta name=\"twitter:card\" content=\"summary_large_image\" \/>\n<meta name=\"twitter:label1\" content=\"Escrito por\" \/>\n\t<meta name=\"twitter:data1\" content=\"mpcloquell\" \/>\n\t<meta name=\"twitter:label2\" content=\"Tiempo de lectura\" \/>\n\t<meta name=\"twitter:data2\" content=\"1 minuto\" \/>\n<script type=\"application\/ld+json\" class=\"yoast-schema-graph\">{\"@context\":\"https:\/\/schema.org\",\"@graph\":[{\"@type\":\"WebPage\",\"@id\":\"https:\/\/mucbo.org\/es\/el-mucbo-rep-una-valuosa-donacio-per-a-la-conservacio-de-les-seves-colleccions\/\",\"url\":\"https:\/\/mucbo.org\/es\/el-mucbo-rep-una-valuosa-donacio-per-a-la-conservacio-de-les-seves-colleccions\/\",\"name\":\"El MUCBO rep una valuosa donaci\u00f3 per a la conservaci\u00f3 de les seves col\u00b7leccions - MUCBO\",\"isPartOf\":{\"@id\":\"https:\/\/mucbo.org\/es\/#website\"},\"primaryImageOfPage\":{\"@id\":\"https:\/\/mucbo.org\/es\/el-mucbo-rep-una-valuosa-donacio-per-a-la-conservacio-de-les-seves-colleccions\/#primaryimage\"},\"image\":{\"@id\":\"https:\/\/mucbo.org\/es\/el-mucbo-rep-una-valuosa-donacio-per-a-la-conservacio-de-les-seves-colleccions\/#primaryimage\"},\"thumbnailUrl\":\"https:\/\/mucbo.org\/wp-content\/uploads\/WhatsApp-Image-2026-09-03-at-12.32.40-e1788439032333.jpeg\",\"datePublished\":\"2026-09-03T12:37:49+00:00\",\"dateModified\":\"2026-09-03T12:37:49+00:00\",\"author\":{\"@id\":\"https:\/\/mucbo.org\/es\/#\/schema\/person\/af988b76257e083c4560ef156b2e2cb1\"},\"breadcrumb\":{\"@id\":\"https:\/\/mucbo.org\/es\/el-mucbo-rep-una-valuosa-donacio-per-a-la-conservacio-de-les-seves-colleccions\/#breadcrumb\"},\"inLanguage\":\"es\",\"potentialAction\":[{\"@type\":\"ReadAction\",\"target\":[\"https:\/\/mucbo.org\/es\/el-mucbo-rep-una-valuosa-donacio-per-a-la-conservacio-de-les-seves-colleccions\/\"]}]},{\"@type\":\"ImageObject\",\"inLanguage\":\"es\",\"@id\":\"https:\/\/mucbo.org\/es\/el-mucbo-rep-una-valuosa-donacio-per-a-la-conservacio-de-les-seves-colleccions\/#primaryimage\",\"url\":\"https:\/\/mucbo.org\/wp-content\/uploads\/WhatsApp-Image-2026-09-03-at-12.32.40-e1788439032333.jpeg\",\"contentUrl\":\"https:\/\/mucbo.org\/wp-content\/uploads\/WhatsApp-Image-2026-09-03-at-12.32.40-e1788439032333.jpeg\",\"width\":1680,\"height\":1260},{\"@type\":\"BreadcrumbList\",\"@id\":\"https:\/\/mucbo.org\/es\/el-mucbo-rep-una-valuosa-donacio-per-a-la-conservacio-de-les-seves-colleccions\/#breadcrumb\",\"itemListElement\":[{\"@type\":\"ListItem\",\"position\":1,\"name\":\"Inicio\",\"item\":\"https:\/\/mucbo.org\/es\/\"},{\"@type\":\"ListItem\",\"position\":2,\"name\":\"El MUCBO rep una valuosa donaci\u00f3 per a la conservaci\u00f3 de les seves col\u00b7leccions\"}]},{\"@type\":\"WebSite\",\"@id\":\"https:\/\/mucbo.org\/es\/#website\",\"url\":\"https:\/\/mucbo.org\/es\/\",\"name\":\"MUCBO\",\"description\":\"Fundaci\u00f3 Jard\u00ed Bot\u00e0nic de S\u00f3ller - Museu Balear de Ci\u00e8ncies Naturals\",\"potentialAction\":[{\"@type\":\"SearchAction\",\"target\":{\"@type\":\"EntryPoint\",\"urlTemplate\":\"https:\/\/mucbo.org\/es\/?s={search_term_string}\"},\"query-input\":{\"@type\":\"PropertyValueSpecification\",\"valueRequired\":true,\"valueName\":\"search_term_string\"}}],\"inLanguage\":\"es\"},{\"@type\":\"Person\",\"@id\":\"https:\/\/mucbo.org\/es\/#\/schema\/person\/af988b76257e083c4560ef156b2e2cb1\",\"name\":\"mpcloquell\"}]}<\/script>\n<!-- \/ Yoast SEO plugin. -->","yoast_head_json":{"title":"El MUCBO rep una valuosa donaci\u00f3 per a la conservaci\u00f3 de les seves col\u00b7leccions - MUCBO","robots":{"index":"index","follow":"follow","max-snippet":"max-snippet:-1","max-image-preview":"max-image-preview:large","max-video-preview":"max-video-preview:-1"},"canonical":"https:\/\/mucbo.org\/es\/el-mucbo-rep-una-valuosa-donacio-per-a-la-conservacio-de-les-seves-colleccions\/","og_locale":"es_ES","og_type":"article","og_title":"El MUCBO rep una valuosa donaci\u00f3 per a la conservaci\u00f3 de les seves col\u00b7leccions - MUCBO","og_description":"Mateu Cifre ha fet una generosa donaci\u00f3 de 4.000\u20ac al MUCBO per tal de continuar amb la catalogaci\u00f3 de la col\u00b7lecci\u00f3 de mol\u00b7luscs confiada al Museu l\u2019any 2024. El naturalista i malac\u00f2leg solleric Mateu Cifre Magro, qui fou un dels socis fundadors del Museu Balear de Ci\u00e8ncies Nnaturals, \u00e9s el creador d\u2019una de les col\u00b7leccions [&hellip;]","og_url":"https:\/\/mucbo.org\/es\/el-mucbo-rep-una-valuosa-donacio-per-a-la-conservacio-de-les-seves-colleccions\/","og_site_name":"MUCBO","article_published_time":"2026-09-03T12:37:49+00:00","author":"mpcloquell","twitter_card":"summary_large_image","twitter_misc":{"Escrito por":"mpcloquell","Tiempo de lectura":"1 minuto"},"schema":{"@context":"https:\/\/schema.org","@graph":[{"@type":"WebPage","@id":"https:\/\/mucbo.org\/es\/el-mucbo-rep-una-valuosa-donacio-per-a-la-conservacio-de-les-seves-colleccions\/","url":"https:\/\/mucbo.org\/es\/el-mucbo-rep-una-valuosa-donacio-per-a-la-conservacio-de-les-seves-colleccions\/","name":"El MUCBO rep una valuosa donaci\u00f3 per a la conservaci\u00f3 de les seves col\u00b7leccions - MUCBO","isPartOf":{"@id":"https:\/\/mucbo.org\/es\/#website"},"primaryImageOfPage":{"@id":"https:\/\/mucbo.org\/es\/el-mucbo-rep-una-valuosa-donacio-per-a-la-conservacio-de-les-seves-colleccions\/#primaryimage"},"image":{"@id":"https:\/\/mucbo.org\/es\/el-mucbo-rep-una-valuosa-donacio-per-a-la-conservacio-de-les-seves-colleccions\/#primaryimage"},"thumbnailUrl":"https:\/\/mucbo.org\/wp-content\/uploads\/WhatsApp-Image-2026-09-03-at-12.32.40-e1788439032333.jpeg","datePublished":"2026-09-03T12:37:49+00:00","dateModified":"2026-09-03T12:37:49+00:00","author":{"@id":"https:\/\/mucbo.org\/es\/#\/schema\/person\/af988b76257e083c4560ef156b2e2cb1"},"breadcrumb":{"@id":"https:\/\/mucbo.org\/es\/el-mucbo-rep-una-valuosa-donacio-per-a-la-conservacio-de-les-seves-colleccions\/#breadcrumb"},"inLanguage":"es","potentialAction":[{"@type":"ReadAction","target":["https:\/\/mucbo.org\/es\/el-mucbo-rep-una-valuosa-donacio-per-a-la-conservacio-de-les-seves-colleccions\/"]}]},{"@type":"ImageObject","inLanguage":"es","@id":"https:\/\/mucbo.org\/es\/el-mucbo-rep-una-valuosa-donacio-per-a-la-conservacio-de-les-seves-colleccions\/#primaryimage","url":"https:\/\/mucbo.org\/wp-content\/uploads\/WhatsApp-Image-2026-09-03-at-12.32.40-e1788439032333.jpeg","contentUrl":"https:\/\/mucbo.org\/wp-content\/uploads\/WhatsApp-Image-2026-09-03-at-12.32.40-e1788439032333.jpeg","width":1680,"height":1260},{"@type":"BreadcrumbList","@id":"https:\/\/mucbo.org\/es\/el-mucbo-rep-una-valuosa-donacio-per-a-la-conservacio-de-les-seves-colleccions\/#breadcrumb","itemListElement":[{"@type":"ListItem","position":1,"name":"Inicio","item":"https:\/\/mucbo.org\/es\/"},{"@type":"ListItem","position":2,"name":"El MUCBO rep una valuosa donaci\u00f3 per a la conservaci\u00f3 de les seves col\u00b7leccions"}]},{"@type":"WebSite","@id":"https:\/\/mucbo.org\/es\/#website","url":"https:\/\/mucbo.org\/es\/","name":"MUCBO","description":"Fundaci\u00f3 Jard\u00ed Bot\u00e0nic de S\u00f3ller - Museu Balear de Ci\u00e8ncies Naturals","potentialAction":[{"@type":"SearchAction","target":{"@type":"EntryPoint","urlTemplate":"https:\/\/mucbo.org\/es\/?s={search_term_string}"},"query-input":{"@type":"PropertyValueSpecification","valueRequired":true,"valueName":"search_term_string"}}],"inLanguage":"es"},{"@type":"Person","@id":"https:\/\/mucbo.org\/es\/#\/schema\/person\/af988b76257e083c4560ef156b2e2cb1","name":"mpcloquell"}]}},"_links":{"self":[{"href":"https:\/\/mucbo.org\/es\/wp-json\/wp\/v2\/posts\/12562","targetHints":{"allow":["GET"]}}],"collection":[{"href":"https:\/\/mucbo.org\/es\/wp-json\/wp\/v2\/posts"}],"about":[{"href":"https:\/\/mucbo.org\/es\/wp-json\/wp\/v2\/types\/post"}],"author":[{"embeddable":true,"href":"https:\/\/mucbo.org\/es\/wp-json\/wp\/v2\/users\/6"}],"replies":[{"embeddable":true,"href":"https:\/\/mucbo.org\/es\/wp-json\/wp\/v2\/comments?post=12562"}],"version-history":[{"count":0,"href":"https:\/\/mucbo.org\/es\/wp-json\/wp\/v2\/posts\/12562\/revisions"}],"wp:featuredmedia":[{"embeddable":true,"href":"https:\/\/mucbo.org\/es\/wp-json\/wp\/v2\/media\/12549"}],"wp:attachment":[{"href":"https:\/\/mucbo.org\/es\/wp-json\/wp\/v2\/media?parent=12562"}],"wp:term":[{"taxonomy":"category","embeddable":true,"href":"https:\/\/mucbo.org\/es\/wp-json\/wp\/v2\/categories?post=12562"},{"taxonomy":"post_tag","embeddable":true,"href":"https:\/\/mucbo.org\/es\/wp-json\/wp\/v2\/tags?post=12562"}],"curies":[{"name":"wp","href":"https:\/\/api.w.org\/{rel}","templated":true}]}}