{"id":12560,"date":"2026-09-03T15:05:37","date_gmt":"2026-09-03T13:05:37","guid":{"rendered":"https:\/\/mucbo.org\/?p=12560"},"modified":"2026-09-03T15:05:43","modified_gmt":"2026-09-03T13:05:43","slug":"un-agost-ple-de-descobriments-natura-i-diversio-amb-tallers-de-ciencia-del-mucbo","status":"publish","type":"post","link":"https:\/\/mucbo.org\/es\/un-agost-ple-de-descobriments-natura-i-diversio-amb-tallers-de-ciencia-del-mucbo\/","title":{"rendered":"Un agost\u00a0ple de descobriments, natura i diversi\u00f3 amb tallers de ci\u00e8ncia del MUCBO.\u00a0"},"content":{"rendered":"<p class=\"wp-block-paragraph\">El mes d\u2019agost ha estat intens i enriquidor a la nostra escola d&#8217;estiu, on els infants han continuat el seu viatge educatiu amb \u00abLa Riquesa dels Regnes\u00bb, una proposta que ha combinat ci\u00e8ncia, natura, sortides culturals, activitats esportives, creativitat i conviv\u00e8ncia.\u00a0<\/p><p class=\"wp-block-paragraph\">Com durant el mes anterior, cada setmana ha estat dedicada a un regne o grup d\u2019\u00e9ssers vius, i la primera setmana del mes d\u2019agost va estar dedicada al fascinant regne dels fongs, un m\u00f3n sovint desconegut que els participants varen descobrir a trav\u00e9s d\u2019activitats d\u2019investigaci\u00f3, observaci\u00f3 i experimentaci\u00f3. Els infants varen aprendre les caracter\u00edstiques dels fongs i dels bolets, la seva import\u00e0ncia dins els ecosistemes i les esp\u00e8cies que podem trobar als boscos de Mallorca. I no nom\u00e9s varen observar-los, tamb\u00e9 varen tastar-los amb un berenar especial de pizza amb bolets! &nbsp;<\/p><figure class=\"wp-block-gallery has-nested-images columns-default is-cropped wp-block-gallery-1 is-layout-flex wp-block-gallery-is-layout-flex\"><figure class=\"wp-block-image size-full\"><img decoding=\"async\" width=\"945\" height=\"1260\" data-id=\"12579\" src=\"https:\/\/mucbo.org\/wp-content\/uploads\/WhatsApp-Image-2026-08-21-at-14.55.57.jpeg\" alt=\"\" class=\"wp-image-12579\" srcset=\"https:\/\/mucbo.org\/wp-content\/uploads\/WhatsApp-Image-2026-08-21-at-14.55.57.jpeg 945w, https:\/\/mucbo.org\/wp-content\/uploads\/WhatsApp-Image-2026-08-21-at-14.55.57-768x1024.jpeg 768w, https:\/\/mucbo.org\/wp-content\/uploads\/WhatsApp-Image-2026-08-21-at-14.55.57-600x800.jpeg 600w\" sizes=\"(max-width: 945px) 100vw, 945px\" \/><\/figure>\n\n<figure class=\"wp-block-image size-full\"><img decoding=\"async\" width=\"1600\" height=\"1200\" data-id=\"12573\" src=\"https:\/\/mucbo.org\/wp-content\/uploads\/WhatsApp-Image-2026-08-13-at-16.46.59.jpeg\" alt=\"\" class=\"wp-image-12573\" srcset=\"https:\/\/mucbo.org\/wp-content\/uploads\/WhatsApp-Image-2026-08-13-at-16.46.59.jpeg 1600w, https:\/\/mucbo.org\/wp-content\/uploads\/WhatsApp-Image-2026-08-13-at-16.46.59-768x576.jpeg 768w, https:\/\/mucbo.org\/wp-content\/uploads\/WhatsApp-Image-2026-08-13-at-16.46.59-1536x1152.jpeg 1536w, https:\/\/mucbo.org\/wp-content\/uploads\/WhatsApp-Image-2026-08-13-at-16.46.59-600x450.jpeg 600w\" sizes=\"(max-width: 1600px) 100vw, 1600px\" \/><\/figure>\n\n<figure class=\"wp-block-image size-full\"><img decoding=\"async\" width=\"945\" height=\"1260\" data-id=\"12575\" src=\"https:\/\/mucbo.org\/wp-content\/uploads\/WhatsApp-Image-2026-08-07-at-14.08.05.jpeg\" alt=\"\" class=\"wp-image-12575\" srcset=\"https:\/\/mucbo.org\/wp-content\/uploads\/WhatsApp-Image-2026-08-07-at-14.08.05.jpeg 945w, https:\/\/mucbo.org\/wp-content\/uploads\/WhatsApp-Image-2026-08-07-at-14.08.05-768x1024.jpeg 768w, https:\/\/mucbo.org\/wp-content\/uploads\/WhatsApp-Image-2026-08-07-at-14.08.05-600x800.jpeg 600w\" sizes=\"(max-width: 945px) 100vw, 945px\" \/><\/figure><\/figure><p class=\"wp-block-paragraph\">A m\u00e9s, comptaren amb la visita d\u2019una experta en micologia i gaudiren d\u2019excursions, activitats esportives, jocs d\u2019aigua i una interessant visita al Museu de la F\u00e0brica La Luna, on conegueren la hist\u00f2ria i el proc\u00e9s d\u2019elaboraci\u00f3 de la sobrassada, un dels productes m\u00e9s emblem\u00e0tics de la cultura mallorquina.&nbsp;<\/p><p class=\"wp-block-paragraph\">La setmana seg\u00fcent va marcar l\u2019entrada al regne dels animals, comen\u00e7ant pels invertebrats i, en especial, pels artr\u00f2podes. Mitjan\u00e7ant tallers, jocs i activitats creatives, els infants es convertiren en petits exploradors de la biodiversitat, descobrint la gran varietat d\u2019insectes, ar\u00e0cnids i altres esp\u00e8cies que habiten el nostre entorn i diferents racons del planeta. Aquesta setmana tamb\u00e9 inclogu\u00e9 una refrescant sortida a la piscina municipal i una emocionant excursi\u00f3 en tren fins a Palma per anar\u00a0al cinema i gaudir de la pel\u00b7l\u00edcula La Patrulla Canina: La Dino Pel\u00b7l\u00edcula.\u00a0<\/p><figure class=\"wp-block-gallery has-nested-images columns-default is-cropped wp-block-gallery-2 is-layout-flex wp-block-gallery-is-layout-flex\"><figure class=\"wp-block-image size-large\"><img decoding=\"async\" width=\"945\" height=\"1260\" data-id=\"12582\" src=\"https:\/\/mucbo.org\/wp-content\/uploads\/WhatsApp-Image-2026-08-17-at-13.01.40.jpeg\" alt=\"\" class=\"wp-image-12582\" srcset=\"https:\/\/mucbo.org\/wp-content\/uploads\/WhatsApp-Image-2026-08-17-at-13.01.40.jpeg 945w, https:\/\/mucbo.org\/wp-content\/uploads\/WhatsApp-Image-2026-08-17-at-13.01.40-768x1024.jpeg 768w, https:\/\/mucbo.org\/wp-content\/uploads\/WhatsApp-Image-2026-08-17-at-13.01.40-600x800.jpeg 600w\" sizes=\"(max-width: 945px) 100vw, 945px\" \/><\/figure>\n\n<figure class=\"wp-block-image size-large\"><img decoding=\"async\" width=\"945\" height=\"1260\" data-id=\"12585\" src=\"https:\/\/mucbo.org\/wp-content\/uploads\/WhatsApp-Image-2026-08-28-at-14.09.40.jpeg\" alt=\"\" class=\"wp-image-12585\" srcset=\"https:\/\/mucbo.org\/wp-content\/uploads\/WhatsApp-Image-2026-08-28-at-14.09.40.jpeg 945w, https:\/\/mucbo.org\/wp-content\/uploads\/WhatsApp-Image-2026-08-28-at-14.09.40-768x1024.jpeg 768w, https:\/\/mucbo.org\/wp-content\/uploads\/WhatsApp-Image-2026-08-28-at-14.09.40-600x800.jpeg 600w\" sizes=\"(max-width: 945px) 100vw, 945px\" \/><\/figure>\n\n<figure class=\"wp-block-image size-large\"><img decoding=\"async\" width=\"945\" height=\"1260\" data-id=\"12588\" src=\"https:\/\/mucbo.org\/wp-content\/uploads\/WhatsApp-Image-2026-08-31-at-22.07.05.jpeg\" alt=\"\" class=\"wp-image-12588\" srcset=\"https:\/\/mucbo.org\/wp-content\/uploads\/WhatsApp-Image-2026-08-31-at-22.07.05.jpeg 945w, https:\/\/mucbo.org\/wp-content\/uploads\/WhatsApp-Image-2026-08-31-at-22.07.05-768x1024.jpeg 768w, https:\/\/mucbo.org\/wp-content\/uploads\/WhatsApp-Image-2026-08-31-at-22.07.05-600x800.jpeg 600w\" sizes=\"(max-width: 945px) 100vw, 945px\" \/><\/figure><\/figure><p class=\"wp-block-paragraph\">A la novena setmana dels tallers, els participants aprofundiren en el coneixement d\u2019altres grups d\u2019invertebrats, com ara els mol\u00b7luscs, equinoderms, cnidaris, esponges i cucs. Les activitats cient\u00edfiques es combinaren amb sessions de ioga i relaxaci\u00f3, fomentant tamb\u00e9 el benestar emocional dels infants. Durant aquests dies es varen realitzar diverses visites i activitats ben especials: els Esclatabutzes ens varen contar tot el que cal saber sobre els dimonis i els correfocs de Sant Bartomeu i l\u2019arque\u00f2leg Jaume Dey\u00e0 ens va fer una interesant\u00edssima visita guiada al Museu de S\u00f3ller. A m\u00e9s, v\u00e0rem assistir a una xerrada de biologia marina a c\u00e0rrec d\u2019Aina Trias sobre la import\u00e0ncia de la protecci\u00f3 del medi mar\u00ed i a un contacontes organitzat per la biblioteca de S\u00f3ller.&nbsp;<\/p><p class=\"wp-block-paragraph\">El mes va finalitzar amb l\u2019estudi dels vertebrats marins, una setmana en qu\u00e8 la mar es va convertir en la gran protagonista. Els infants varen con\u00e8ixer les caracter\u00edstiques dels principals grups de vertebrats i la fauna marina de les Illes Balears. L\u2019activitat m\u00e9s destacada fou l\u2019excursi\u00f3&nbsp;amb barca fins a Cala Tuent, on varen poder nedar, fer snorkel i observar de prop la biodiversitat marina. Aquesta experi\u00e8ncia es va complementar amb la participaci\u00f3 d\u2019Aina Trias, que ajud\u00e0 els infants a identificar diferents esp\u00e8cies i comprendre millor els ecosistemes marins. La setmana es va completar amb una visita a Can Prunera, on els participants descobriren l\u2019obra de Joan Mir\u00f3 i Alexander Calder i desenvoluparen la seva creativitat a trav\u00e9s de diverses activitats art\u00edstiques.&nbsp;<\/p><figure class=\"wp-block-gallery has-nested-images columns-default is-cropped wp-block-gallery-3 is-layout-flex wp-block-gallery-is-layout-flex\"><figure class=\"wp-block-image size-full\"><img decoding=\"async\" width=\"945\" height=\"1260\" data-id=\"12591\" src=\"https:\/\/mucbo.org\/wp-content\/uploads\/WhatsApp-Image-2026-08-14-at-15.08.51.jpeg\" alt=\"\" class=\"wp-image-12591\" srcset=\"https:\/\/mucbo.org\/wp-content\/uploads\/WhatsApp-Image-2026-08-14-at-15.08.51.jpeg 945w, https:\/\/mucbo.org\/wp-content\/uploads\/WhatsApp-Image-2026-08-14-at-15.08.51-600x800.jpeg 600w, https:\/\/mucbo.org\/wp-content\/uploads\/WhatsApp-Image-2026-08-14-at-15.08.51-768x1024.jpeg 768w\" sizes=\"(max-width: 945px) 100vw, 945px\" \/><\/figure>\n\n<figure class=\"wp-block-image size-full\"><img decoding=\"async\" width=\"709\" height=\"1260\" data-id=\"12597\" src=\"https:\/\/mucbo.org\/wp-content\/uploads\/WhatsApp-Image-2026-08-27-at-09.52.37.jpeg\" alt=\"\" class=\"wp-image-12597\" srcset=\"https:\/\/mucbo.org\/wp-content\/uploads\/WhatsApp-Image-2026-08-27-at-09.52.37.jpeg 709w, https:\/\/mucbo.org\/wp-content\/uploads\/WhatsApp-Image-2026-08-27-at-09.52.37-600x1066.jpeg 600w\" sizes=\"(max-width: 709px) 100vw, 709px\" \/><\/figure>\n\n<figure class=\"wp-block-image size-full\"><img decoding=\"async\" width=\"945\" height=\"1260\" data-id=\"12592\" src=\"https:\/\/mucbo.org\/wp-content\/uploads\/WhatsApp-Image-2026-08-31-at-22.06.58.jpeg\" alt=\"\" class=\"wp-image-12592\" srcset=\"https:\/\/mucbo.org\/wp-content\/uploads\/WhatsApp-Image-2026-08-31-at-22.06.58.jpeg 945w, https:\/\/mucbo.org\/wp-content\/uploads\/WhatsApp-Image-2026-08-31-at-22.06.58-768x1024.jpeg 768w, https:\/\/mucbo.org\/wp-content\/uploads\/WhatsApp-Image-2026-08-31-at-22.06.58-600x800.jpeg 600w\" sizes=\"(max-width: 945px) 100vw, 945px\" \/><\/figure><\/figure><p class=\"wp-block-paragraph\">Tancam aix\u00ed un mes d\u2019agost ple d\u2019aprenentatges significatius, experi\u00e8ncies vivencials i moments compartits. Natura, ci\u00e8ncia, cultura, tradicions, esport i art han estat els ingredients d\u2019unes setmanes que han perm\u00e8s als infants aprendre, divertir-se i descobrir el m\u00f3n que els envolta d\u2019una manera activa i participativa.&nbsp;<\/p>","protected":false},"excerpt":{"rendered":"<p>El mes d\u2019agost ha estat intens i enriquidor a la nostra escola d&#8217;estiu, on els infants han continuat el seu viatge educatiu amb \u00abLa Riquesa dels Regnes\u00bb, una proposta que ha combinat ci\u00e8ncia, natura, sortides culturals, activitats esportives, creativitat i conviv\u00e8ncia.\u00a0 Com durant el mes anterior, cada setmana ha estat dedicada a un regne o [&hellip;]<\/p>\n","protected":false},"author":6,"featured_media":12602,"comment_status":"closed","ping_status":"closed","sticky":false,"template":"","format":"standard","meta":{"_acf_changed":false,"footnotes":""},"categories":[136],"tags":[],"class_list":["post-12560","post","type-post","status-publish","format-standard","has-post-thumbnail","hentry","category-noticias"],"acf":[],"yoast_head":"<!-- This site is optimized with the Yoast SEO plugin v24.2 - https:\/\/yoast.com\/wordpress\/plugins\/seo\/ -->\n<title>Un agost\u00a0ple de descobriments, natura i diversi\u00f3 amb tallers de ci\u00e8ncia del MUCBO.\u00a0 - MUCBO<\/title>\n<meta name=\"robots\" content=\"index, follow, max-snippet:-1, max-image-preview:large, max-video-preview:-1\" \/>\n<link rel=\"canonical\" href=\"https:\/\/mucbo.org\/es\/un-agost-ple-de-descobriments-natura-i-diversio-amb-tallers-de-ciencia-del-mucbo\/\" \/>\n<meta property=\"og:locale\" content=\"es_ES\" \/>\n<meta property=\"og:type\" content=\"article\" \/>\n<meta property=\"og:title\" content=\"Un agost\u00a0ple de descobriments, natura i diversi\u00f3 amb tallers de ci\u00e8ncia del MUCBO.\u00a0 - MUCBO\" \/>\n<meta property=\"og:description\" content=\"El mes d\u2019agost ha estat intens i enriquidor a la nostra escola d&#8217;estiu, on els infants han continuat el seu viatge educatiu amb \u00abLa Riquesa dels Regnes\u00bb, una proposta que ha combinat ci\u00e8ncia, natura, sortides culturals, activitats esportives, creativitat i conviv\u00e8ncia.\u00a0 Com durant el mes anterior, cada setmana ha estat dedicada a un regne o [&hellip;]\" \/>\n<meta property=\"og:url\" content=\"https:\/\/mucbo.org\/es\/un-agost-ple-de-descobriments-natura-i-diversio-amb-tallers-de-ciencia-del-mucbo\/\" \/>\n<meta property=\"og:site_name\" content=\"MUCBO\" \/>\n<meta property=\"article:published_time\" content=\"2026-09-03T13:05:37+00:00\" \/>\n<meta property=\"article:modified_time\" content=\"2026-09-03T13:05:43+00:00\" \/>\n<meta property=\"og:image\" content=\"https:\/\/mucbo.org\/wp-content\/uploads\/WhatsApp-Image-2026-08-21-at-14.55.57.jpeg\" \/>\n\t<meta property=\"og:image:width\" content=\"945\" \/>\n\t<meta property=\"og:image:height\" content=\"1260\" \/>\n\t<meta property=\"og:image:type\" content=\"image\/jpeg\" \/>\n<meta name=\"author\" content=\"mpcloquell\" \/>\n<meta name=\"twitter:card\" content=\"summary_large_image\" \/>\n<meta name=\"twitter:label1\" content=\"Escrito por\" \/>\n\t<meta name=\"twitter:data1\" content=\"mpcloquell\" \/>\n\t<meta name=\"twitter:label2\" content=\"Tiempo de lectura\" \/>\n\t<meta name=\"twitter:data2\" content=\"4 minutos\" \/>\n<script type=\"application\/ld+json\" class=\"yoast-schema-graph\">{\"@context\":\"https:\/\/schema.org\",\"@graph\":[{\"@type\":\"WebPage\",\"@id\":\"https:\/\/mucbo.org\/es\/un-agost-ple-de-descobriments-natura-i-diversio-amb-tallers-de-ciencia-del-mucbo\/\",\"url\":\"https:\/\/mucbo.org\/es\/un-agost-ple-de-descobriments-natura-i-diversio-amb-tallers-de-ciencia-del-mucbo\/\",\"name\":\"Un agost\u00a0ple de descobriments, natura i diversi\u00f3 amb tallers de ci\u00e8ncia del MUCBO.\u00a0 - MUCBO\",\"isPartOf\":{\"@id\":\"https:\/\/mucbo.org\/es\/#website\"},\"primaryImageOfPage\":{\"@id\":\"https:\/\/mucbo.org\/es\/un-agost-ple-de-descobriments-natura-i-diversio-amb-tallers-de-ciencia-del-mucbo\/#primaryimage\"},\"image\":{\"@id\":\"https:\/\/mucbo.org\/es\/un-agost-ple-de-descobriments-natura-i-diversio-amb-tallers-de-ciencia-del-mucbo\/#primaryimage\"},\"thumbnailUrl\":\"https:\/\/mucbo.org\/wp-content\/uploads\/WhatsApp-Image-2026-08-31-at-22.08.52.jpeg\",\"datePublished\":\"2026-09-03T13:05:37+00:00\",\"dateModified\":\"2026-09-03T13:05:43+00:00\",\"author\":{\"@id\":\"https:\/\/mucbo.org\/es\/#\/schema\/person\/af988b76257e083c4560ef156b2e2cb1\"},\"breadcrumb\":{\"@id\":\"https:\/\/mucbo.org\/es\/un-agost-ple-de-descobriments-natura-i-diversio-amb-tallers-de-ciencia-del-mucbo\/#breadcrumb\"},\"inLanguage\":\"es\",\"potentialAction\":[{\"@type\":\"ReadAction\",\"target\":[\"https:\/\/mucbo.org\/es\/un-agost-ple-de-descobriments-natura-i-diversio-amb-tallers-de-ciencia-del-mucbo\/\"]}]},{\"@type\":\"ImageObject\",\"inLanguage\":\"es\",\"@id\":\"https:\/\/mucbo.org\/es\/un-agost-ple-de-descobriments-natura-i-diversio-amb-tallers-de-ciencia-del-mucbo\/#primaryimage\",\"url\":\"https:\/\/mucbo.org\/wp-content\/uploads\/WhatsApp-Image-2026-08-31-at-22.08.52.jpeg\",\"contentUrl\":\"https:\/\/mucbo.org\/wp-content\/uploads\/WhatsApp-Image-2026-08-31-at-22.08.52.jpeg\",\"width\":945,\"height\":1260},{\"@type\":\"BreadcrumbList\",\"@id\":\"https:\/\/mucbo.org\/es\/un-agost-ple-de-descobriments-natura-i-diversio-amb-tallers-de-ciencia-del-mucbo\/#breadcrumb\",\"itemListElement\":[{\"@type\":\"ListItem\",\"position\":1,\"name\":\"Inicio\",\"item\":\"https:\/\/mucbo.org\/es\/\"},{\"@type\":\"ListItem\",\"position\":2,\"name\":\"Un agost\u00a0ple de descobriments, natura i diversi\u00f3 amb tallers de ci\u00e8ncia del MUCBO.\u00a0\"}]},{\"@type\":\"WebSite\",\"@id\":\"https:\/\/mucbo.org\/es\/#website\",\"url\":\"https:\/\/mucbo.org\/es\/\",\"name\":\"MUCBO\",\"description\":\"Fundaci\u00f3 Jard\u00ed Bot\u00e0nic de S\u00f3ller - Museu Balear de Ci\u00e8ncies Naturals\",\"potentialAction\":[{\"@type\":\"SearchAction\",\"target\":{\"@type\":\"EntryPoint\",\"urlTemplate\":\"https:\/\/mucbo.org\/es\/?s={search_term_string}\"},\"query-input\":{\"@type\":\"PropertyValueSpecification\",\"valueRequired\":true,\"valueName\":\"search_term_string\"}}],\"inLanguage\":\"es\"},{\"@type\":\"Person\",\"@id\":\"https:\/\/mucbo.org\/es\/#\/schema\/person\/af988b76257e083c4560ef156b2e2cb1\",\"name\":\"mpcloquell\"}]}<\/script>\n<!-- \/ Yoast SEO plugin. -->","yoast_head_json":{"title":"Un agost\u00a0ple de descobriments, natura i diversi\u00f3 amb tallers de ci\u00e8ncia del MUCBO.\u00a0 - MUCBO","robots":{"index":"index","follow":"follow","max-snippet":"max-snippet:-1","max-image-preview":"max-image-preview:large","max-video-preview":"max-video-preview:-1"},"canonical":"https:\/\/mucbo.org\/es\/un-agost-ple-de-descobriments-natura-i-diversio-amb-tallers-de-ciencia-del-mucbo\/","og_locale":"es_ES","og_type":"article","og_title":"Un agost\u00a0ple de descobriments, natura i diversi\u00f3 amb tallers de ci\u00e8ncia del MUCBO.\u00a0 - MUCBO","og_description":"El mes d\u2019agost ha estat intens i enriquidor a la nostra escola d&#8217;estiu, on els infants han continuat el seu viatge educatiu amb \u00abLa Riquesa dels Regnes\u00bb, una proposta que ha combinat ci\u00e8ncia, natura, sortides culturals, activitats esportives, creativitat i conviv\u00e8ncia.\u00a0 Com durant el mes anterior, cada setmana ha estat dedicada a un regne o [&hellip;]","og_url":"https:\/\/mucbo.org\/es\/un-agost-ple-de-descobriments-natura-i-diversio-amb-tallers-de-ciencia-del-mucbo\/","og_site_name":"MUCBO","article_published_time":"2026-09-03T13:05:37+00:00","article_modified_time":"2026-09-03T13:05:43+00:00","og_image":[{"width":945,"height":1260,"url":"https:\/\/mucbo.org\/wp-content\/uploads\/WhatsApp-Image-2026-08-21-at-14.55.57.jpeg","type":"image\/jpeg"}],"author":"mpcloquell","twitter_card":"summary_large_image","twitter_misc":{"Escrito por":"mpcloquell","Tiempo de lectura":"4 minutos"},"schema":{"@context":"https:\/\/schema.org","@graph":[{"@type":"WebPage","@id":"https:\/\/mucbo.org\/es\/un-agost-ple-de-descobriments-natura-i-diversio-amb-tallers-de-ciencia-del-mucbo\/","url":"https:\/\/mucbo.org\/es\/un-agost-ple-de-descobriments-natura-i-diversio-amb-tallers-de-ciencia-del-mucbo\/","name":"Un agost\u00a0ple de descobriments, natura i diversi\u00f3 amb tallers de ci\u00e8ncia del MUCBO.\u00a0 - MUCBO","isPartOf":{"@id":"https:\/\/mucbo.org\/es\/#website"},"primaryImageOfPage":{"@id":"https:\/\/mucbo.org\/es\/un-agost-ple-de-descobriments-natura-i-diversio-amb-tallers-de-ciencia-del-mucbo\/#primaryimage"},"image":{"@id":"https:\/\/mucbo.org\/es\/un-agost-ple-de-descobriments-natura-i-diversio-amb-tallers-de-ciencia-del-mucbo\/#primaryimage"},"thumbnailUrl":"https:\/\/mucbo.org\/wp-content\/uploads\/WhatsApp-Image-2026-08-31-at-22.08.52.jpeg","datePublished":"2026-09-03T13:05:37+00:00","dateModified":"2026-09-03T13:05:43+00:00","author":{"@id":"https:\/\/mucbo.org\/es\/#\/schema\/person\/af988b76257e083c4560ef156b2e2cb1"},"breadcrumb":{"@id":"https:\/\/mucbo.org\/es\/un-agost-ple-de-descobriments-natura-i-diversio-amb-tallers-de-ciencia-del-mucbo\/#breadcrumb"},"inLanguage":"es","potentialAction":[{"@type":"ReadAction","target":["https:\/\/mucbo.org\/es\/un-agost-ple-de-descobriments-natura-i-diversio-amb-tallers-de-ciencia-del-mucbo\/"]}]},{"@type":"ImageObject","inLanguage":"es","@id":"https:\/\/mucbo.org\/es\/un-agost-ple-de-descobriments-natura-i-diversio-amb-tallers-de-ciencia-del-mucbo\/#primaryimage","url":"https:\/\/mucbo.org\/wp-content\/uploads\/WhatsApp-Image-2026-08-31-at-22.08.52.jpeg","contentUrl":"https:\/\/mucbo.org\/wp-content\/uploads\/WhatsApp-Image-2026-08-31-at-22.08.52.jpeg","width":945,"height":1260},{"@type":"BreadcrumbList","@id":"https:\/\/mucbo.org\/es\/un-agost-ple-de-descobriments-natura-i-diversio-amb-tallers-de-ciencia-del-mucbo\/#breadcrumb","itemListElement":[{"@type":"ListItem","position":1,"name":"Inicio","item":"https:\/\/mucbo.org\/es\/"},{"@type":"ListItem","position":2,"name":"Un agost\u00a0ple de descobriments, natura i diversi\u00f3 amb tallers de ci\u00e8ncia del MUCBO.\u00a0"}]},{"@type":"WebSite","@id":"https:\/\/mucbo.org\/es\/#website","url":"https:\/\/mucbo.org\/es\/","name":"MUCBO","description":"Fundaci\u00f3 Jard\u00ed Bot\u00e0nic de S\u00f3ller - Museu Balear de Ci\u00e8ncies Naturals","potentialAction":[{"@type":"SearchAction","target":{"@type":"EntryPoint","urlTemplate":"https:\/\/mucbo.org\/es\/?s={search_term_string}"},"query-input":{"@type":"PropertyValueSpecification","valueRequired":true,"valueName":"search_term_string"}}],"inLanguage":"es"},{"@type":"Person","@id":"https:\/\/mucbo.org\/es\/#\/schema\/person\/af988b76257e083c4560ef156b2e2cb1","name":"mpcloquell"}]}},"_links":{"self":[{"href":"https:\/\/mucbo.org\/es\/wp-json\/wp\/v2\/posts\/12560","targetHints":{"allow":["GET"]}}],"collection":[{"href":"https:\/\/mucbo.org\/es\/wp-json\/wp\/v2\/posts"}],"about":[{"href":"https:\/\/mucbo.org\/es\/wp-json\/wp\/v2\/types\/post"}],"author":[{"embeddable":true,"href":"https:\/\/mucbo.org\/es\/wp-json\/wp\/v2\/users\/6"}],"replies":[{"embeddable":true,"href":"https:\/\/mucbo.org\/es\/wp-json\/wp\/v2\/comments?post=12560"}],"version-history":[{"count":2,"href":"https:\/\/mucbo.org\/es\/wp-json\/wp\/v2\/posts\/12560\/revisions"}],"predecessor-version":[{"id":12607,"href":"https:\/\/mucbo.org\/es\/wp-json\/wp\/v2\/posts\/12560\/revisions\/12607"}],"wp:featuredmedia":[{"embeddable":true,"href":"https:\/\/mucbo.org\/es\/wp-json\/wp\/v2\/media\/12602"}],"wp:attachment":[{"href":"https:\/\/mucbo.org\/es\/wp-json\/wp\/v2\/media?parent=12560"}],"wp:term":[{"taxonomy":"category","embeddable":true,"href":"https:\/\/mucbo.org\/es\/wp-json\/wp\/v2\/categories?post=12560"},{"taxonomy":"post_tag","embeddable":true,"href":"https:\/\/mucbo.org\/es\/wp-json\/wp\/v2\/tags?post=12560"}],"curies":[{"name":"wp","href":"https:\/\/api.w.org\/{rel}","templated":true}]}}