{"id":12485,"date":"2026-08-31T15:04:22","date_gmt":"2026-08-31T13:04:22","guid":{"rendered":"https:\/\/mucbo.org\/el-programa-educatiu-2026-27-arriba-amb-novetats-pels-alumnes-de-tots-els-nivells\/"},"modified":"2026-08-31T15:13:50","modified_gmt":"2026-08-31T13:13:50","slug":"el-programa-educatiu-2026-27-arriba-amb-novetats-pels-alumnes-de-tots-els-nivells","status":"publish","type":"post","link":"https:\/\/mucbo.org\/es\/el-programa-educatiu-2026-27-arriba-amb-novetats-pels-alumnes-de-tots-els-nivells\/","title":{"rendered":"El programa educativo 2026-27 llega con novedades para alumnos de todos los niveles"},"content":{"rendered":"<p class=\"wp-block-paragraph\">Un a\u00f1o m\u00e1s, el MUCBO da la bienvenida al nuevo curso escolar con la voluntad de compartir sus colecciones cient\u00edficas y acercar el conocimiento de la biodiversidad de nuestro territorio al alumnado de todas las etapas educativas.<\/p><p class=\"wp-block-paragraph\">Para el curso 2026-2027, presentamos una oferta educativa renovada y ampliada, con nuevas actividades y recursos dise\u00f1ados para fomentar el aprendizaje activo, la curiosidad y la conexi\u00f3n con el entorno natural:<\/p><ul class=\"wp-block-list\"><li><strong>Nuevas experiencias educativas<\/strong>, como el paseo sensorial, una propuesta pensada para todas las edades que invita a descubrir el Jard\u00edn Bot\u00e1nico a trav\u00e9s de los sentidos y a establecer una relaci\u00f3n m\u00e1s directa con la naturaleza.<\/li>\n\n<li><strong>El nuevo Cluedo Bot\u00e1nico<\/strong>, una actividad l\u00fadica de indagaci\u00f3n en la que los participantes deber\u00e1n resolver un misterio siguiendo las pistas escondidas entre las terrazas del Jard\u00edn. Mediante la observaci\u00f3n directa, descubrir\u00e1n la diversidad de las plantas, sus estrategias de adaptaci\u00f3n y las caracter\u00edsticas de las principales familias bot\u00e1nicas, poniendo a prueba su ingenio, esp\u00edritu cient\u00edfico y capacidad de trabajo en equipo.<\/li>\n\n<li><strong>Nuevos talleres y actividades<\/strong> que ampl\u00edan los \u00e1mbitos de conocimiento que pueden trabajar los centros educativos y refuerzan el aprendizaje de las ciencias naturales desde una perspectiva pr\u00e1ctica y participativa.<\/li>\n\n<li><strong>Talleres a la carta<\/strong>, una modalidad flexible que permite adaptar contenidos, din\u00e1micas y objetivos a las necesidades espec\u00edficas de cada centro.<\/li>\n\n<li><strong>Actividades en la escuela<\/strong>, que hacen posible trasladar los recursos y las propuestas educativas del MUCBO a los centros educativos, facilitando el acceso a nuestras colecciones y experiencias de aprendizaje independientemente de su ubicaci\u00f3n.<\/li><\/ul><p class=\"wp-block-paragraph\">Con esta oferta actualizada, el MUCBO contin\u00faa consolid\u00e1ndose como un espacio de referencia para el aprendizaje, la ciencia y el descubrimiento de la biodiversidad de las Islas Baleares, promoviendo experiencias educativas significativas que conectan al alumnado con el patrimonio natural de nuestro territorio.<\/p><p class=\"wp-block-paragraph\">Consulte el programa completo aqu\u00ed:<\/p><p class=\"wp-block-paragraph\"><\/p><div class=\"wp-block-buttons is-content-justification-center is-layout-flex wp-container-core-buttons-is-layout-fe48e5de wp-block-buttons-is-layout-flex\"><div class=\"wp-block-button\"><a class=\"wp-block-button__link wp-element-button\" href=\"https:\/\/drive.google.com\/file\/d\/1tacGhS5J1ZfYndslZ3V1f0ue74talCdV\/view?usp=sharing\">Programa educativo<\/a><\/div><\/div><p class=\"wp-block-paragraph\"><\/p><p class=\"wp-block-paragraph\">Formulario de solicitud de actividades educativas:<\/p><p class=\"wp-block-paragraph\"><\/p><div class=\"wp-block-buttons is-content-justification-center is-layout-flex wp-container-core-buttons-is-layout-fe48e5de wp-block-buttons-is-layout-flex\"><div class=\"wp-block-button\"><a class=\"wp-block-button__link wp-element-button\" href=\"https:\/\/docs.google.com\/forms\/d\/e\/1FAIpQLSeSj1OlFRDv32InJSDz4n3OfUBat1OrgDt14HThFRiXbgKC5Q\/viewform?usp=sharing&amp;ouid=116796455630085986409\">Solicitud de actividades<\/a><\/div><\/div>","protected":false},"excerpt":{"rendered":"<p>Un a\u00f1o m\u00e1s, el MUCBO da la bienvenida al nuevo curso escolar con la voluntad de compartir sus colecciones cient\u00edficas y acercar el conocimiento de la biodiversidad de nuestro territorio al alumnado de todas las etapas educativas. Para el curso 2026-2027, presentamos una oferta educativa renovada y ampliada, con nuevas actividades y recursos dise\u00f1ados para [&hellip;]<\/p>\n","protected":false},"author":6,"featured_media":12482,"comment_status":"closed","ping_status":"closed","sticky":false,"template":"","format":"standard","meta":{"_acf_changed":false,"footnotes":""},"categories":[136],"tags":[250,392,393,394],"class_list":["post-12485","post","type-post","status-publish","format-standard","has-post-thumbnail","hentry","category-noticias","tag-activitats-es","tag-educacio-es","tag-educatiu-es","tag-tallers-es"],"acf":[],"yoast_head":"<!-- This site is optimized with the Yoast SEO plugin v24.2 - https:\/\/yoast.com\/wordpress\/plugins\/seo\/ -->\n<title>El programa educativo 2026-27 llega con novedades para alumnos de todos los niveles - MUCBO<\/title>\n<meta name=\"robots\" content=\"index, follow, max-snippet:-1, max-image-preview:large, max-video-preview:-1\" \/>\n<link rel=\"canonical\" href=\"https:\/\/mucbo.org\/es\/el-programa-educatiu-2026-27-arriba-amb-novetats-pels-alumnes-de-tots-els-nivells\/\" \/>\n<meta property=\"og:locale\" content=\"es_ES\" \/>\n<meta property=\"og:type\" content=\"article\" \/>\n<meta property=\"og:title\" content=\"El programa educativo 2026-27 llega con novedades para alumnos de todos los niveles - MUCBO\" \/>\n<meta property=\"og:description\" content=\"Un a\u00f1o m\u00e1s, el MUCBO da la bienvenida al nuevo curso escolar con la voluntad de compartir sus colecciones cient\u00edficas y acercar el conocimiento de la biodiversidad de nuestro territorio al alumnado de todas las etapas educativas. Para el curso 2026-2027, presentamos una oferta educativa renovada y ampliada, con nuevas actividades y recursos dise\u00f1ados para [&hellip;]\" \/>\n<meta property=\"og:url\" content=\"https:\/\/mucbo.org\/es\/el-programa-educatiu-2026-27-arriba-amb-novetats-pels-alumnes-de-tots-els-nivells\/\" \/>\n<meta property=\"og:site_name\" content=\"MUCBO\" \/>\n<meta property=\"article:published_time\" content=\"2026-08-31T13:04:22+00:00\" \/>\n<meta property=\"article:modified_time\" content=\"2026-08-31T13:13:50+00:00\" \/>\n<meta property=\"og:image\" content=\"https:\/\/mucbo.org\/wp-content\/uploads\/Captura-de-pantalla-2026-08-31-150210.jpg\" \/>\n\t<meta property=\"og:image:width\" content=\"536\" \/>\n\t<meta property=\"og:image:height\" content=\"757\" \/>\n\t<meta property=\"og:image:type\" content=\"image\/jpeg\" \/>\n<meta name=\"author\" content=\"mpcloquell\" \/>\n<meta name=\"twitter:card\" content=\"summary_large_image\" \/>\n<meta name=\"twitter:label1\" content=\"Escrito por\" \/>\n\t<meta name=\"twitter:data1\" content=\"mpcloquell\" \/>\n\t<meta name=\"twitter:label2\" content=\"Tiempo de lectura\" \/>\n\t<meta name=\"twitter:data2\" content=\"2 minutos\" \/>\n<script type=\"application\/ld+json\" class=\"yoast-schema-graph\">{\"@context\":\"https:\/\/schema.org\",\"@graph\":[{\"@type\":\"WebPage\",\"@id\":\"https:\/\/mucbo.org\/es\/el-programa-educatiu-2026-27-arriba-amb-novetats-pels-alumnes-de-tots-els-nivells\/\",\"url\":\"https:\/\/mucbo.org\/es\/el-programa-educatiu-2026-27-arriba-amb-novetats-pels-alumnes-de-tots-els-nivells\/\",\"name\":\"El programa educativo 2026-27 llega con novedades para alumnos de todos los niveles - MUCBO\",\"isPartOf\":{\"@id\":\"https:\/\/mucbo.org\/es\/#website\"},\"primaryImageOfPage\":{\"@id\":\"https:\/\/mucbo.org\/es\/el-programa-educatiu-2026-27-arriba-amb-novetats-pels-alumnes-de-tots-els-nivells\/#primaryimage\"},\"image\":{\"@id\":\"https:\/\/mucbo.org\/es\/el-programa-educatiu-2026-27-arriba-amb-novetats-pels-alumnes-de-tots-els-nivells\/#primaryimage\"},\"thumbnailUrl\":\"https:\/\/mucbo.org\/wp-content\/uploads\/Captura-de-pantalla-2026-08-31-150210.jpg\",\"datePublished\":\"2026-08-31T13:04:22+00:00\",\"dateModified\":\"2026-08-31T13:13:50+00:00\",\"author\":{\"@id\":\"https:\/\/mucbo.org\/es\/#\/schema\/person\/af988b76257e083c4560ef156b2e2cb1\"},\"breadcrumb\":{\"@id\":\"https:\/\/mucbo.org\/es\/el-programa-educatiu-2026-27-arriba-amb-novetats-pels-alumnes-de-tots-els-nivells\/#breadcrumb\"},\"inLanguage\":\"es\",\"potentialAction\":[{\"@type\":\"ReadAction\",\"target\":[\"https:\/\/mucbo.org\/es\/el-programa-educatiu-2026-27-arriba-amb-novetats-pels-alumnes-de-tots-els-nivells\/\"]}]},{\"@type\":\"ImageObject\",\"inLanguage\":\"es\",\"@id\":\"https:\/\/mucbo.org\/es\/el-programa-educatiu-2026-27-arriba-amb-novetats-pels-alumnes-de-tots-els-nivells\/#primaryimage\",\"url\":\"https:\/\/mucbo.org\/wp-content\/uploads\/Captura-de-pantalla-2026-08-31-150210.jpg\",\"contentUrl\":\"https:\/\/mucbo.org\/wp-content\/uploads\/Captura-de-pantalla-2026-08-31-150210.jpg\",\"width\":536,\"height\":757},{\"@type\":\"BreadcrumbList\",\"@id\":\"https:\/\/mucbo.org\/es\/el-programa-educatiu-2026-27-arriba-amb-novetats-pels-alumnes-de-tots-els-nivells\/#breadcrumb\",\"itemListElement\":[{\"@type\":\"ListItem\",\"position\":1,\"name\":\"Inicio\",\"item\":\"https:\/\/mucbo.org\/es\/\"},{\"@type\":\"ListItem\",\"position\":2,\"name\":\"El programa educativo 2026-27 llega con novedades para alumnos de todos los niveles\"}]},{\"@type\":\"WebSite\",\"@id\":\"https:\/\/mucbo.org\/es\/#website\",\"url\":\"https:\/\/mucbo.org\/es\/\",\"name\":\"MUCBO\",\"description\":\"Fundaci\u00f3 Jard\u00ed Bot\u00e0nic de S\u00f3ller - Museu Balear de Ci\u00e8ncies Naturals\",\"potentialAction\":[{\"@type\":\"SearchAction\",\"target\":{\"@type\":\"EntryPoint\",\"urlTemplate\":\"https:\/\/mucbo.org\/es\/?s={search_term_string}\"},\"query-input\":{\"@type\":\"PropertyValueSpecification\",\"valueRequired\":true,\"valueName\":\"search_term_string\"}}],\"inLanguage\":\"es\"},{\"@type\":\"Person\",\"@id\":\"https:\/\/mucbo.org\/es\/#\/schema\/person\/af988b76257e083c4560ef156b2e2cb1\",\"name\":\"mpcloquell\"}]}<\/script>\n<!-- \/ Yoast SEO plugin. -->","yoast_head_json":{"title":"El programa educativo 2026-27 llega con novedades para alumnos de todos los niveles - MUCBO","robots":{"index":"index","follow":"follow","max-snippet":"max-snippet:-1","max-image-preview":"max-image-preview:large","max-video-preview":"max-video-preview:-1"},"canonical":"https:\/\/mucbo.org\/es\/el-programa-educatiu-2026-27-arriba-amb-novetats-pels-alumnes-de-tots-els-nivells\/","og_locale":"es_ES","og_type":"article","og_title":"El programa educativo 2026-27 llega con novedades para alumnos de todos los niveles - MUCBO","og_description":"Un a\u00f1o m\u00e1s, el MUCBO da la bienvenida al nuevo curso escolar con la voluntad de compartir sus colecciones cient\u00edficas y acercar el conocimiento de la biodiversidad de nuestro territorio al alumnado de todas las etapas educativas. Para el curso 2026-2027, presentamos una oferta educativa renovada y ampliada, con nuevas actividades y recursos dise\u00f1ados para [&hellip;]","og_url":"https:\/\/mucbo.org\/es\/el-programa-educatiu-2026-27-arriba-amb-novetats-pels-alumnes-de-tots-els-nivells\/","og_site_name":"MUCBO","article_published_time":"2026-08-31T13:04:22+00:00","article_modified_time":"2026-08-31T13:13:50+00:00","og_image":[{"width":536,"height":757,"url":"https:\/\/mucbo.org\/wp-content\/uploads\/Captura-de-pantalla-2026-08-31-150210.jpg","type":"image\/jpeg"}],"author":"mpcloquell","twitter_card":"summary_large_image","twitter_misc":{"Escrito por":"mpcloquell","Tiempo de lectura":"2 minutos"},"schema":{"@context":"https:\/\/schema.org","@graph":[{"@type":"WebPage","@id":"https:\/\/mucbo.org\/es\/el-programa-educatiu-2026-27-arriba-amb-novetats-pels-alumnes-de-tots-els-nivells\/","url":"https:\/\/mucbo.org\/es\/el-programa-educatiu-2026-27-arriba-amb-novetats-pels-alumnes-de-tots-els-nivells\/","name":"El programa educativo 2026-27 llega con novedades para alumnos de todos los niveles - MUCBO","isPartOf":{"@id":"https:\/\/mucbo.org\/es\/#website"},"primaryImageOfPage":{"@id":"https:\/\/mucbo.org\/es\/el-programa-educatiu-2026-27-arriba-amb-novetats-pels-alumnes-de-tots-els-nivells\/#primaryimage"},"image":{"@id":"https:\/\/mucbo.org\/es\/el-programa-educatiu-2026-27-arriba-amb-novetats-pels-alumnes-de-tots-els-nivells\/#primaryimage"},"thumbnailUrl":"https:\/\/mucbo.org\/wp-content\/uploads\/Captura-de-pantalla-2026-08-31-150210.jpg","datePublished":"2026-08-31T13:04:22+00:00","dateModified":"2026-08-31T13:13:50+00:00","author":{"@id":"https:\/\/mucbo.org\/es\/#\/schema\/person\/af988b76257e083c4560ef156b2e2cb1"},"breadcrumb":{"@id":"https:\/\/mucbo.org\/es\/el-programa-educatiu-2026-27-arriba-amb-novetats-pels-alumnes-de-tots-els-nivells\/#breadcrumb"},"inLanguage":"es","potentialAction":[{"@type":"ReadAction","target":["https:\/\/mucbo.org\/es\/el-programa-educatiu-2026-27-arriba-amb-novetats-pels-alumnes-de-tots-els-nivells\/"]}]},{"@type":"ImageObject","inLanguage":"es","@id":"https:\/\/mucbo.org\/es\/el-programa-educatiu-2026-27-arriba-amb-novetats-pels-alumnes-de-tots-els-nivells\/#primaryimage","url":"https:\/\/mucbo.org\/wp-content\/uploads\/Captura-de-pantalla-2026-08-31-150210.jpg","contentUrl":"https:\/\/mucbo.org\/wp-content\/uploads\/Captura-de-pantalla-2026-08-31-150210.jpg","width":536,"height":757},{"@type":"BreadcrumbList","@id":"https:\/\/mucbo.org\/es\/el-programa-educatiu-2026-27-arriba-amb-novetats-pels-alumnes-de-tots-els-nivells\/#breadcrumb","itemListElement":[{"@type":"ListItem","position":1,"name":"Inicio","item":"https:\/\/mucbo.org\/es\/"},{"@type":"ListItem","position":2,"name":"El programa educativo 2026-27 llega con novedades para alumnos de todos los niveles"}]},{"@type":"WebSite","@id":"https:\/\/mucbo.org\/es\/#website","url":"https:\/\/mucbo.org\/es\/","name":"MUCBO","description":"Fundaci\u00f3 Jard\u00ed Bot\u00e0nic de S\u00f3ller - Museu Balear de Ci\u00e8ncies Naturals","potentialAction":[{"@type":"SearchAction","target":{"@type":"EntryPoint","urlTemplate":"https:\/\/mucbo.org\/es\/?s={search_term_string}"},"query-input":{"@type":"PropertyValueSpecification","valueRequired":true,"valueName":"search_term_string"}}],"inLanguage":"es"},{"@type":"Person","@id":"https:\/\/mucbo.org\/es\/#\/schema\/person\/af988b76257e083c4560ef156b2e2cb1","name":"mpcloquell"}]}},"_links":{"self":[{"href":"https:\/\/mucbo.org\/es\/wp-json\/wp\/v2\/posts\/12485","targetHints":{"allow":["GET"]}}],"collection":[{"href":"https:\/\/mucbo.org\/es\/wp-json\/wp\/v2\/posts"}],"about":[{"href":"https:\/\/mucbo.org\/es\/wp-json\/wp\/v2\/types\/post"}],"author":[{"embeddable":true,"href":"https:\/\/mucbo.org\/es\/wp-json\/wp\/v2\/users\/6"}],"replies":[{"embeddable":true,"href":"https:\/\/mucbo.org\/es\/wp-json\/wp\/v2\/comments?post=12485"}],"version-history":[{"count":4,"href":"https:\/\/mucbo.org\/es\/wp-json\/wp\/v2\/posts\/12485\/revisions"}],"predecessor-version":[{"id":12493,"href":"https:\/\/mucbo.org\/es\/wp-json\/wp\/v2\/posts\/12485\/revisions\/12493"}],"wp:featuredmedia":[{"embeddable":true,"href":"https:\/\/mucbo.org\/es\/wp-json\/wp\/v2\/media\/12482"}],"wp:attachment":[{"href":"https:\/\/mucbo.org\/es\/wp-json\/wp\/v2\/media?parent=12485"}],"wp:term":[{"taxonomy":"category","embeddable":true,"href":"https:\/\/mucbo.org\/es\/wp-json\/wp\/v2\/categories?post=12485"},{"taxonomy":"post_tag","embeddable":true,"href":"https:\/\/mucbo.org\/es\/wp-json\/wp\/v2\/tags?post=12485"}],"curies":[{"name":"wp","href":"https:\/\/api.w.org\/{rel}","templated":true}]}}