{"id":11117,"date":"2026-04-30T23:45:12","date_gmt":"2026-04-30T21:45:12","guid":{"rendered":"https:\/\/mucbo.org\/?p=11117"},"modified":"2026-04-30T23:45:18","modified_gmt":"2026-04-30T21:45:18","slug":"jardi-botanic-de-soller-de-la-seva-creacio-als-reptes-de-dema","status":"publish","type":"post","link":"https:\/\/mucbo.org\/es\/jardi-botanic-de-soller-de-la-seva-creacio-als-reptes-de-dema\/","title":{"rendered":"Jard\u00ed Bot\u00e0nic de  S\u00f3ller:  De la seva creaci\u00f3 als reptes de dem\u00e0."},"content":{"rendered":"<p>La conservadora del Jard\u00ed Bot\u00e0nic, Magdalena Vicens, ofereix aquesta confer\u00e8ncia tan especial sobre els or\u00edgens i construcci\u00f3 del nostre Jard\u00ed. Des dels inicis i concepte fins al dia d\u2019avui, passant per totes les etapes i canvis que s\u2019hi han produ\u00eft.<\/p><p><\/p>","protected":false},"excerpt":{"rendered":"<p>La conservadora del Jard\u00ed Bot\u00e0nic, Magdalena Vicens, ofereix aquesta confer\u00e8ncia tan especial sobre els or\u00edgens i construcci\u00f3 del nostre Jard\u00ed. Des dels inicis i concepte fins al dia d\u2019avui, passant per totes les etapes i canvis que s\u2019hi han produ\u00eft.<\/p>\n","protected":false},"author":6,"featured_media":11115,"comment_status":"closed","ping_status":"closed","sticky":false,"template":"","format":"standard","meta":{"_acf_changed":false,"footnotes":""},"categories":[133,132],"tags":[],"class_list":["post-11117","post","type-post","status-publish","format-standard","has-post-thumbnail","hentry","category-actividades-actuales","category-agenda"],"acf":[],"yoast_head":"<!-- This site is optimized with the Yoast SEO plugin v24.2 - https:\/\/yoast.com\/wordpress\/plugins\/seo\/ -->\n<title>Jard\u00ed Bot\u00e0nic de S\u00f3ller: De la seva creaci\u00f3 als reptes de dem\u00e0. - MUCBO<\/title>\n<meta name=\"robots\" content=\"index, follow, max-snippet:-1, max-image-preview:large, max-video-preview:-1\" \/>\n<link rel=\"canonical\" href=\"https:\/\/mucbo.org\/es\/jardi-botanic-de-soller-de-la-seva-creacio-als-reptes-de-dema\/\" \/>\n<meta property=\"og:locale\" content=\"es_ES\" \/>\n<meta property=\"og:type\" content=\"article\" \/>\n<meta property=\"og:title\" content=\"Jard\u00ed Bot\u00e0nic de S\u00f3ller: De la seva creaci\u00f3 als reptes de dem\u00e0. - MUCBO\" \/>\n<meta property=\"og:description\" content=\"La conservadora del Jard\u00ed Bot\u00e0nic, Magdalena Vicens, ofereix aquesta confer\u00e8ncia tan especial sobre els or\u00edgens i construcci\u00f3 del nostre Jard\u00ed. Des dels inicis i concepte fins al dia d\u2019avui, passant per totes les etapes i canvis que s\u2019hi han produ\u00eft.\" \/>\n<meta property=\"og:url\" content=\"https:\/\/mucbo.org\/es\/jardi-botanic-de-soller-de-la-seva-creacio-als-reptes-de-dema\/\" \/>\n<meta property=\"og:site_name\" content=\"MUCBO\" \/>\n<meta property=\"article:published_time\" content=\"2026-04-30T21:45:12+00:00\" \/>\n<meta property=\"article:modified_time\" content=\"2026-04-30T21:45:18+00:00\" \/>\n<meta name=\"author\" content=\"mpcloquell\" \/>\n<meta name=\"twitter:card\" content=\"summary_large_image\" \/>\n<meta name=\"twitter:label1\" content=\"Escrito por\" \/>\n\t<meta name=\"twitter:data1\" content=\"mpcloquell\" \/>\n<script type=\"application\/ld+json\" class=\"yoast-schema-graph\">{\"@context\":\"https:\/\/schema.org\",\"@graph\":[{\"@type\":\"WebPage\",\"@id\":\"https:\/\/mucbo.org\/es\/jardi-botanic-de-soller-de-la-seva-creacio-als-reptes-de-dema\/\",\"url\":\"https:\/\/mucbo.org\/es\/jardi-botanic-de-soller-de-la-seva-creacio-als-reptes-de-dema\/\",\"name\":\"Jard\u00ed Bot\u00e0nic de S\u00f3ller: De la seva creaci\u00f3 als reptes de dem\u00e0. - MUCBO\",\"isPartOf\":{\"@id\":\"https:\/\/mucbo.org\/es\/#website\"},\"primaryImageOfPage\":{\"@id\":\"https:\/\/mucbo.org\/es\/jardi-botanic-de-soller-de-la-seva-creacio-als-reptes-de-dema\/#primaryimage\"},\"image\":{\"@id\":\"https:\/\/mucbo.org\/es\/jardi-botanic-de-soller-de-la-seva-creacio-als-reptes-de-dema\/#primaryimage\"},\"thumbnailUrl\":\"https:\/\/mucbo.org\/wp-content\/uploads\/21-de-MAIG-18-H.jpg\",\"datePublished\":\"2026-04-30T21:45:12+00:00\",\"dateModified\":\"2026-04-30T21:45:18+00:00\",\"author\":{\"@id\":\"https:\/\/mucbo.org\/es\/#\/schema\/person\/af988b76257e083c4560ef156b2e2cb1\"},\"breadcrumb\":{\"@id\":\"https:\/\/mucbo.org\/es\/jardi-botanic-de-soller-de-la-seva-creacio-als-reptes-de-dema\/#breadcrumb\"},\"inLanguage\":\"es\",\"potentialAction\":[{\"@type\":\"ReadAction\",\"target\":[\"https:\/\/mucbo.org\/es\/jardi-botanic-de-soller-de-la-seva-creacio-als-reptes-de-dema\/\"]}]},{\"@type\":\"ImageObject\",\"inLanguage\":\"es\",\"@id\":\"https:\/\/mucbo.org\/es\/jardi-botanic-de-soller-de-la-seva-creacio-als-reptes-de-dema\/#primaryimage\",\"url\":\"https:\/\/mucbo.org\/wp-content\/uploads\/21-de-MAIG-18-H.jpg\",\"contentUrl\":\"https:\/\/mucbo.org\/wp-content\/uploads\/21-de-MAIG-18-H.jpg\",\"width\":1000,\"height\":1000},{\"@type\":\"BreadcrumbList\",\"@id\":\"https:\/\/mucbo.org\/es\/jardi-botanic-de-soller-de-la-seva-creacio-als-reptes-de-dema\/#breadcrumb\",\"itemListElement\":[{\"@type\":\"ListItem\",\"position\":1,\"name\":\"Inicio\",\"item\":\"https:\/\/mucbo.org\/es\/\"},{\"@type\":\"ListItem\",\"position\":2,\"name\":\"Jard\u00ed Bot\u00e0nic de S\u00f3ller: De la seva creaci\u00f3 als reptes de dem\u00e0.\"}]},{\"@type\":\"WebSite\",\"@id\":\"https:\/\/mucbo.org\/es\/#website\",\"url\":\"https:\/\/mucbo.org\/es\/\",\"name\":\"MUCBO\",\"description\":\"Fundaci\u00f3 Jard\u00ed Bot\u00e0nic de S\u00f3ller - Museu Balear de Ci\u00e8ncies Naturals\",\"potentialAction\":[{\"@type\":\"SearchAction\",\"target\":{\"@type\":\"EntryPoint\",\"urlTemplate\":\"https:\/\/mucbo.org\/es\/?s={search_term_string}\"},\"query-input\":{\"@type\":\"PropertyValueSpecification\",\"valueRequired\":true,\"valueName\":\"search_term_string\"}}],\"inLanguage\":\"es\"},{\"@type\":\"Person\",\"@id\":\"https:\/\/mucbo.org\/es\/#\/schema\/person\/af988b76257e083c4560ef156b2e2cb1\",\"name\":\"mpcloquell\"}]}<\/script>\n<!-- \/ Yoast SEO plugin. -->","yoast_head_json":{"title":"Jard\u00ed Bot\u00e0nic de S\u00f3ller: De la seva creaci\u00f3 als reptes de dem\u00e0. - MUCBO","robots":{"index":"index","follow":"follow","max-snippet":"max-snippet:-1","max-image-preview":"max-image-preview:large","max-video-preview":"max-video-preview:-1"},"canonical":"https:\/\/mucbo.org\/es\/jardi-botanic-de-soller-de-la-seva-creacio-als-reptes-de-dema\/","og_locale":"es_ES","og_type":"article","og_title":"Jard\u00ed Bot\u00e0nic de S\u00f3ller: De la seva creaci\u00f3 als reptes de dem\u00e0. - MUCBO","og_description":"La conservadora del Jard\u00ed Bot\u00e0nic, Magdalena Vicens, ofereix aquesta confer\u00e8ncia tan especial sobre els or\u00edgens i construcci\u00f3 del nostre Jard\u00ed. Des dels inicis i concepte fins al dia d\u2019avui, passant per totes les etapes i canvis que s\u2019hi han produ\u00eft.","og_url":"https:\/\/mucbo.org\/es\/jardi-botanic-de-soller-de-la-seva-creacio-als-reptes-de-dema\/","og_site_name":"MUCBO","article_published_time":"2026-04-30T21:45:12+00:00","article_modified_time":"2026-04-30T21:45:18+00:00","author":"mpcloquell","twitter_card":"summary_large_image","twitter_misc":{"Escrito por":"mpcloquell"},"schema":{"@context":"https:\/\/schema.org","@graph":[{"@type":"WebPage","@id":"https:\/\/mucbo.org\/es\/jardi-botanic-de-soller-de-la-seva-creacio-als-reptes-de-dema\/","url":"https:\/\/mucbo.org\/es\/jardi-botanic-de-soller-de-la-seva-creacio-als-reptes-de-dema\/","name":"Jard\u00ed Bot\u00e0nic de S\u00f3ller: De la seva creaci\u00f3 als reptes de dem\u00e0. - MUCBO","isPartOf":{"@id":"https:\/\/mucbo.org\/es\/#website"},"primaryImageOfPage":{"@id":"https:\/\/mucbo.org\/es\/jardi-botanic-de-soller-de-la-seva-creacio-als-reptes-de-dema\/#primaryimage"},"image":{"@id":"https:\/\/mucbo.org\/es\/jardi-botanic-de-soller-de-la-seva-creacio-als-reptes-de-dema\/#primaryimage"},"thumbnailUrl":"https:\/\/mucbo.org\/wp-content\/uploads\/21-de-MAIG-18-H.jpg","datePublished":"2026-04-30T21:45:12+00:00","dateModified":"2026-04-30T21:45:18+00:00","author":{"@id":"https:\/\/mucbo.org\/es\/#\/schema\/person\/af988b76257e083c4560ef156b2e2cb1"},"breadcrumb":{"@id":"https:\/\/mucbo.org\/es\/jardi-botanic-de-soller-de-la-seva-creacio-als-reptes-de-dema\/#breadcrumb"},"inLanguage":"es","potentialAction":[{"@type":"ReadAction","target":["https:\/\/mucbo.org\/es\/jardi-botanic-de-soller-de-la-seva-creacio-als-reptes-de-dema\/"]}]},{"@type":"ImageObject","inLanguage":"es","@id":"https:\/\/mucbo.org\/es\/jardi-botanic-de-soller-de-la-seva-creacio-als-reptes-de-dema\/#primaryimage","url":"https:\/\/mucbo.org\/wp-content\/uploads\/21-de-MAIG-18-H.jpg","contentUrl":"https:\/\/mucbo.org\/wp-content\/uploads\/21-de-MAIG-18-H.jpg","width":1000,"height":1000},{"@type":"BreadcrumbList","@id":"https:\/\/mucbo.org\/es\/jardi-botanic-de-soller-de-la-seva-creacio-als-reptes-de-dema\/#breadcrumb","itemListElement":[{"@type":"ListItem","position":1,"name":"Inicio","item":"https:\/\/mucbo.org\/es\/"},{"@type":"ListItem","position":2,"name":"Jard\u00ed Bot\u00e0nic de S\u00f3ller: De la seva creaci\u00f3 als reptes de dem\u00e0."}]},{"@type":"WebSite","@id":"https:\/\/mucbo.org\/es\/#website","url":"https:\/\/mucbo.org\/es\/","name":"MUCBO","description":"Fundaci\u00f3 Jard\u00ed Bot\u00e0nic de S\u00f3ller - Museu Balear de Ci\u00e8ncies Naturals","potentialAction":[{"@type":"SearchAction","target":{"@type":"EntryPoint","urlTemplate":"https:\/\/mucbo.org\/es\/?s={search_term_string}"},"query-input":{"@type":"PropertyValueSpecification","valueRequired":true,"valueName":"search_term_string"}}],"inLanguage":"es"},{"@type":"Person","@id":"https:\/\/mucbo.org\/es\/#\/schema\/person\/af988b76257e083c4560ef156b2e2cb1","name":"mpcloquell"}]}},"_links":{"self":[{"href":"https:\/\/mucbo.org\/es\/wp-json\/wp\/v2\/posts\/11117","targetHints":{"allow":["GET"]}}],"collection":[{"href":"https:\/\/mucbo.org\/es\/wp-json\/wp\/v2\/posts"}],"about":[{"href":"https:\/\/mucbo.org\/es\/wp-json\/wp\/v2\/types\/post"}],"author":[{"embeddable":true,"href":"https:\/\/mucbo.org\/es\/wp-json\/wp\/v2\/users\/6"}],"replies":[{"embeddable":true,"href":"https:\/\/mucbo.org\/es\/wp-json\/wp\/v2\/comments?post=11117"}],"version-history":[{"count":2,"href":"https:\/\/mucbo.org\/es\/wp-json\/wp\/v2\/posts\/11117\/revisions"}],"predecessor-version":[{"id":11122,"href":"https:\/\/mucbo.org\/es\/wp-json\/wp\/v2\/posts\/11117\/revisions\/11122"}],"wp:featuredmedia":[{"embeddable":true,"href":"https:\/\/mucbo.org\/es\/wp-json\/wp\/v2\/media\/11115"}],"wp:attachment":[{"href":"https:\/\/mucbo.org\/es\/wp-json\/wp\/v2\/media?parent=11117"}],"wp:term":[{"taxonomy":"category","embeddable":true,"href":"https:\/\/mucbo.org\/es\/wp-json\/wp\/v2\/categories?post=11117"},{"taxonomy":"post_tag","embeddable":true,"href":"https:\/\/mucbo.org\/es\/wp-json\/wp\/v2\/tags?post=11117"}],"curies":[{"name":"wp","href":"https:\/\/api.w.org\/{rel}","templated":true}]}}