{"id":11052,"date":"2026-04-29T15:35:09","date_gmt":"2026-04-29T13:35:09","guid":{"rendered":"https:\/\/mucbo.org\/gran-acollida-de-la-jornada-de-sant-jordi-al-mucbo\/"},"modified":"2026-04-29T15:35:09","modified_gmt":"2026-04-29T13:35:09","slug":"gran-acollida-de-la-jornada-de-sant-jordi-al-mucbo","status":"publish","type":"post","link":"https:\/\/mucbo.org\/es\/gran-acollida-de-la-jornada-de-sant-jordi-al-mucbo\/","title":{"rendered":"Gran acollida de la jornada de Sant Jordi al MUCBO"},"content":{"rendered":"<p>El passat diumenge dia 26 d&#8217;abril varem celebrar el nostre Sant Jordi particular amb un dia preci\u00f3s ple d&#8217;activitats, literatura, i m\u00fasica. <\/p><p>El dia va acompanyar molt, amb una jornada ben assolellada per a poder gaudir de la primavera al Jard\u00ed Bot\u00e0nic. Amb l&#8217;obertura de portes a les 10h, els visitants varen poder passejar pel mercat artesanal, que enguany va incloure una oferta molt variada, des de pintura i disseny a moda i complements t\u00e8xtils. El MUCBO va posar la seva parada amb una gran sel\u00b7lecci\u00f3 de llibres sobre natura, mentre que els alumnes de l&#8217;IES Guillem Colom Casasnovas varen posar una parada amb \u00abllibres sorpresa\u00bb ja embolicats, pera una lectura inesperada. Ja de bon demat\u00ed, alguns s&#8217;animaren a fer una de les dues gimcanes que haviem preparat, una per a infants i una per a adults amb pistes relacionades amb la literatura, la bot\u00e0nica i la zoologia. Totes dues varen tenir un gran \u00e8xit de participaci\u00f3 amb m\u00e9s de 80 persones de totes les edats participant-hi al llarg del dia.<\/p><p>A les 10:30h varen inicar les presentacions, amb l&#8217;equip d&#8217;educaci\u00f3 presentant els materials educatius editats pel MUCBO el darrer any, com el quadern d&#8217;activitats sobre les varietats locals del Jard\u00ed titulat \u00abPetits Pagesos\u00bb, il\u00b7lustrat per Laura Caldentey o les fitxes sobre la fauna que vivia a l&#8217;\u00e8poca del <em>Myotragus<\/em>.<\/p><p>Alhora, es desenvolupaven els tallers familiars de la m\u00e0 de na Paula Munar de l&#8217;equip educatiu; Manualitats de Sant Jordi amb natura, on els infants varen crear unes precioses roses amb materials reutilitzats. Els tallers varen seguir sense interrupcci\u00f3 fins la una del migdia.<\/p><p>A les 11:30h un dels plats forts del dia pel p\u00fablic familar: El taller de M\u00fasica per Infants, per a aprendre a fer m\u00fasica des de petits. Uns 25 nins i nines amb les seves respectives fam\u00edlies varen omplir la sala d&#8217;exposicions de biodviersitat del Museu per a experimentar amb diferents instruments, sons i can\u00e7ons.<\/p><p>A la vegada que tenia lloc aquesta activitat, a la sala d&#8217;audiovisuals comen\u00e7ava la presentaci\u00f3 del llibre \u00abAfinando al alba, viaje al corazon musical de un pa\u00eds\u00bb, amb l&#8217;autor Tom\u00e1s Graves, presentat per Pere Colom. Els dos m\u00fasics varen desgranar aquest llibre ple d&#8217;hist\u00f2ries i an\u00e8cdotes sobre l&#8217;escena musical a Mallorca i Espanya els anys de la transici\u00f3 fins a dia d&#8217;avui. La convocat\u00f2ria va ser un \u00e8xit i s&#8217;esgotaren tots els llibres.<\/p><p>Finalment a les 12:30h va arribar l&#8217;esdeveniment m\u00e9s esperat, el concert de Pax\u00f2fon i \u00d2scar Boyle de la m\u00e0 de S\u00f3ller Fonjazz Classic. Durant la seg\u00fcent hora, els dos cantautors guanyadors del concurs del Mas la Cabanya de Beget varen oferir al p\u00fablic la interpretaci\u00f3 d&#8217;un repertori seleccionat, acompanyats d&#8217;artistes convidats de luxe com Monik Bargall\u00f3 o el solleric Pere Andreo. <\/p><p>En acabar el concert hi havia una petita sorpresa pels m\u00fasics: Ram\u00f3n Farr\u00e1n, implusor de la iniciativa, va entregar de part de Fonjazz i del MUCBO un obsequi a cada un dels participants en una petita cerimonia molt emotiva, que va concloure amb una improvitzaci\u00f3 cantada sobre <em>La Balanguera<\/em>.<\/p><p>A l&#8217;hora de dinar els assisstens varen poder tastar les pizzes i crepes d&#8217;Andrea Nicorelli amb The Italian Way i la gastronomia vegana de Cuina d&#8217;Olors, de la cuinera Dolors Peric\u00e0s, a m\u00e9s de les coques i dol\u00e7os que havien preparat els alumnes de l&#8217;institut.<\/p><p>La jornada va seguir de manera tranquil\u00b7la, amb els visitats del capvespre gaudint del bon dia i del mercat artesanal tamb\u00e9 despr\u00e9s de dinar.<\/p><p><\/p><figure class=\"wp-block-gallery has-nested-images columns-default is-cropped wp-block-gallery-1 is-layout-flex wp-block-gallery-is-layout-flex\"><figure class=\"wp-block-image size-large\"><img decoding=\"async\" width=\"720\" height=\"1197\" data-id=\"11025\" src=\"https:\/\/mucbo.org\/wp-content\/uploads\/WhatsApp-Image-2026-04-29-at-14.59.42-1-1.jpeg\" alt=\"\" class=\"wp-image-11025\" srcset=\"https:\/\/mucbo.org\/wp-content\/uploads\/WhatsApp-Image-2026-04-29-at-14.59.42-1-1.jpeg 720w, https:\/\/mucbo.org\/wp-content\/uploads\/WhatsApp-Image-2026-04-29-at-14.59.42-1-1-600x998.jpeg 600w\" sizes=\"(max-width: 720px) 100vw, 720px\" \/><figcaption class=\"wp-element-caption\">\u00d2scar Boyle<\/figcaption><\/figure>\n\n<figure class=\"wp-block-image size-full\"><img decoding=\"async\" width=\"720\" height=\"1071\" data-id=\"11035\" src=\"https:\/\/mucbo.org\/wp-content\/uploads\/WhatsApp-Image-2026-04-29-at-14.59.44-1.jpeg\" alt=\"\" class=\"wp-image-11035\" srcset=\"https:\/\/mucbo.org\/wp-content\/uploads\/WhatsApp-Image-2026-04-29-at-14.59.44-1.jpeg 720w, https:\/\/mucbo.org\/wp-content\/uploads\/WhatsApp-Image-2026-04-29-at-14.59.44-1-600x893.jpeg 600w\" sizes=\"(max-width: 720px) 100vw, 720px\" \/><figcaption class=\"wp-element-caption\">Pax\u00f2fon<\/figcaption><\/figure>\n\n<figure class=\"wp-block-image size-large\"><img decoding=\"async\" width=\"720\" height=\"1071\" data-id=\"11031\" src=\"https:\/\/mucbo.org\/wp-content\/uploads\/WhatsApp-Image-2026-04-29-at-14.59.43-3.jpeg\" alt=\"\" class=\"wp-image-11031\" srcset=\"https:\/\/mucbo.org\/wp-content\/uploads\/WhatsApp-Image-2026-04-29-at-14.59.43-3.jpeg 720w, https:\/\/mucbo.org\/wp-content\/uploads\/WhatsApp-Image-2026-04-29-at-14.59.43-3-600x893.jpeg 600w\" sizes=\"(max-width: 720px) 100vw, 720px\" \/><figcaption class=\"wp-element-caption\">Presentaci\u00f3 d&#8217;Afinando al Alba<\/figcaption><\/figure>\n\n<figure class=\"wp-block-image size-large\"><img decoding=\"async\" width=\"720\" height=\"1227\" data-id=\"11028\" src=\"https:\/\/mucbo.org\/wp-content\/uploads\/WhatsApp-Image-2026-04-29-at-14.59.43-1-1.jpeg\" alt=\"\" class=\"wp-image-11028\" srcset=\"https:\/\/mucbo.org\/wp-content\/uploads\/WhatsApp-Image-2026-04-29-at-14.59.43-1-1.jpeg 720w, https:\/\/mucbo.org\/wp-content\/uploads\/WhatsApp-Image-2026-04-29-at-14.59.43-1-1-600x1023.jpeg 600w\" sizes=\"(max-width: 720px) 100vw, 720px\" \/><figcaption class=\"wp-element-caption\">Espai gastron\u00f2mic amb Cuina d&#8217;Olors<\/figcaption><\/figure>\n\n<figure class=\"wp-block-image size-large\"><img decoding=\"async\" width=\"720\" height=\"1157\" data-id=\"11034\" src=\"https:\/\/mucbo.org\/wp-content\/uploads\/WhatsApp-Image-2026-04-29-at-14.59.43-2-1.jpeg\" alt=\"\" class=\"wp-image-11034\" srcset=\"https:\/\/mucbo.org\/wp-content\/uploads\/WhatsApp-Image-2026-04-29-at-14.59.43-2-1.jpeg 720w, https:\/\/mucbo.org\/wp-content\/uploads\/WhatsApp-Image-2026-04-29-at-14.59.43-2-1-600x964.jpeg 600w\" sizes=\"(max-width: 720px) 100vw, 720px\" \/><figcaption class=\"wp-element-caption\">El mercat artesanal al Jard\u00ed<\/figcaption><\/figure>\n\n<figure class=\"wp-block-image size-large\"><img decoding=\"async\" width=\"945\" height=\"1260\" data-id=\"11038\" src=\"https:\/\/mucbo.org\/wp-content\/uploads\/WhatsApp-Image-2026-04-29-at-15.10.55-1-1.jpeg\" alt=\"\" class=\"wp-image-11038\" srcset=\"https:\/\/mucbo.org\/wp-content\/uploads\/WhatsApp-Image-2026-04-29-at-15.10.55-1-1.jpeg 945w, https:\/\/mucbo.org\/wp-content\/uploads\/WhatsApp-Image-2026-04-29-at-15.10.55-1-1-768x1024.jpeg 768w, https:\/\/mucbo.org\/wp-content\/uploads\/WhatsApp-Image-2026-04-29-at-15.10.55-1-1-600x800.jpeg 600w\" sizes=\"(max-width: 945px) 100vw, 945px\" \/><figcaption class=\"wp-element-caption\">Manualitats de Sant Jordi<\/figcaption><\/figure>\n\n<figure class=\"wp-block-image size-large\"><img decoding=\"async\" width=\"1680\" height=\"1260\" data-id=\"11040\" src=\"https:\/\/mucbo.org\/wp-content\/uploads\/WhatsApp-Image-2026-04-29-at-15.11.13-1.jpeg\" alt=\"\" class=\"wp-image-11040\" srcset=\"https:\/\/mucbo.org\/wp-content\/uploads\/WhatsApp-Image-2026-04-29-at-15.11.13-1.jpeg 1680w, https:\/\/mucbo.org\/wp-content\/uploads\/WhatsApp-Image-2026-04-29-at-15.11.13-1-768x576.jpeg 768w, https:\/\/mucbo.org\/wp-content\/uploads\/WhatsApp-Image-2026-04-29-at-15.11.13-1-1536x1152.jpeg 1536w, https:\/\/mucbo.org\/wp-content\/uploads\/WhatsApp-Image-2026-04-29-at-15.11.13-1-600x450.jpeg 600w\" sizes=\"(max-width: 1680px) 100vw, 1680px\" \/><figcaption class=\"wp-element-caption\">Gimcana infantil<\/figcaption><\/figure>\n\n<figure class=\"wp-block-image size-large\"><img decoding=\"async\" width=\"945\" height=\"1260\" data-id=\"11044\" src=\"https:\/\/mucbo.org\/wp-content\/uploads\/WhatsApp-Image-2026-04-29-at-15.10.55-2.jpeg\" alt=\"\" class=\"wp-image-11044\" srcset=\"https:\/\/mucbo.org\/wp-content\/uploads\/WhatsApp-Image-2026-04-29-at-15.10.55-2.jpeg 945w, https:\/\/mucbo.org\/wp-content\/uploads\/WhatsApp-Image-2026-04-29-at-15.10.55-2-768x1024.jpeg 768w, https:\/\/mucbo.org\/wp-content\/uploads\/WhatsApp-Image-2026-04-29-at-15.10.55-2-600x800.jpeg 600w\" sizes=\"(max-width: 945px) 100vw, 945px\" \/><figcaption class=\"wp-element-caption\">Manualitats de Sant Jordi<\/figcaption><\/figure><\/figure><p><br><\/p>","protected":false},"excerpt":{"rendered":"<p>El passat diumenge dia 26 d&#8217;abril varem celebrar el nostre Sant Jordi particular amb un dia preci\u00f3s ple d&#8217;activitats, literatura, i m\u00fasica. El dia va acompanyar molt, amb una jornada ben assolellada per a poder gaudir de la primavera al Jard\u00ed Bot\u00e0nic. Amb l&#8217;obertura de portes a les 10h, els visitants varen poder passejar pel [&hellip;]<\/p>\n","protected":false},"author":6,"featured_media":11049,"comment_status":"closed","ping_status":"closed","sticky":false,"template":"","format":"standard","meta":{"_acf_changed":false,"footnotes":""},"categories":[136],"tags":[],"class_list":["post-11052","post","type-post","status-publish","format-standard","has-post-thumbnail","hentry","category-noticias"],"acf":[],"yoast_head":"<!-- This site is optimized with the Yoast SEO plugin v24.2 - https:\/\/yoast.com\/wordpress\/plugins\/seo\/ -->\n<title>Gran acollida de la jornada de Sant Jordi al MUCBO - MUCBO<\/title>\n<meta name=\"robots\" content=\"index, follow, max-snippet:-1, max-image-preview:large, max-video-preview:-1\" \/>\n<link rel=\"canonical\" href=\"https:\/\/mucbo.org\/es\/gran-acollida-de-la-jornada-de-sant-jordi-al-mucbo\/\" \/>\n<meta property=\"og:locale\" content=\"es_ES\" \/>\n<meta property=\"og:type\" content=\"article\" \/>\n<meta property=\"og:title\" content=\"Gran acollida de la jornada de Sant Jordi al MUCBO - MUCBO\" \/>\n<meta property=\"og:description\" content=\"El passat diumenge dia 26 d&#8217;abril varem celebrar el nostre Sant Jordi particular amb un dia preci\u00f3s ple d&#8217;activitats, literatura, i m\u00fasica. El dia va acompanyar molt, amb una jornada ben assolellada per a poder gaudir de la primavera al Jard\u00ed Bot\u00e0nic. Amb l&#8217;obertura de portes a les 10h, els visitants varen poder passejar pel [&hellip;]\" \/>\n<meta property=\"og:url\" content=\"https:\/\/mucbo.org\/es\/gran-acollida-de-la-jornada-de-sant-jordi-al-mucbo\/\" \/>\n<meta property=\"og:site_name\" content=\"MUCBO\" \/>\n<meta property=\"article:published_time\" content=\"2026-04-29T13:35:09+00:00\" \/>\n<meta property=\"og:image\" content=\"https:\/\/mucbo.org\/wp-content\/uploads\/WhatsApp-Image-2026-04-29-at-14.59.42-1-1.jpeg\" \/>\n\t<meta property=\"og:image:width\" content=\"720\" \/>\n\t<meta property=\"og:image:height\" content=\"1197\" \/>\n\t<meta property=\"og:image:type\" content=\"image\/jpeg\" \/>\n<meta name=\"author\" content=\"mpcloquell\" \/>\n<meta name=\"twitter:card\" content=\"summary_large_image\" \/>\n<meta name=\"twitter:label1\" content=\"Escrito por\" \/>\n\t<meta name=\"twitter:data1\" content=\"mpcloquell\" \/>\n\t<meta name=\"twitter:label2\" content=\"Tiempo de lectura\" \/>\n\t<meta name=\"twitter:data2\" content=\"3 minutos\" \/>\n<script type=\"application\/ld+json\" class=\"yoast-schema-graph\">{\"@context\":\"https:\/\/schema.org\",\"@graph\":[{\"@type\":\"WebPage\",\"@id\":\"https:\/\/mucbo.org\/es\/gran-acollida-de-la-jornada-de-sant-jordi-al-mucbo\/\",\"url\":\"https:\/\/mucbo.org\/es\/gran-acollida-de-la-jornada-de-sant-jordi-al-mucbo\/\",\"name\":\"Gran acollida de la jornada de Sant Jordi al MUCBO - MUCBO\",\"isPartOf\":{\"@id\":\"https:\/\/mucbo.org\/es\/#website\"},\"primaryImageOfPage\":{\"@id\":\"https:\/\/mucbo.org\/es\/gran-acollida-de-la-jornada-de-sant-jordi-al-mucbo\/#primaryimage\"},\"image\":{\"@id\":\"https:\/\/mucbo.org\/es\/gran-acollida-de-la-jornada-de-sant-jordi-al-mucbo\/#primaryimage\"},\"thumbnailUrl\":\"https:\/\/mucbo.org\/wp-content\/uploads\/WhatsApp-Image-2026-04-29-at-14.59.42.jpeg\",\"datePublished\":\"2026-04-29T13:35:09+00:00\",\"dateModified\":\"2026-04-29T13:35:09+00:00\",\"author\":{\"@id\":\"https:\/\/mucbo.org\/es\/#\/schema\/person\/af988b76257e083c4560ef156b2e2cb1\"},\"breadcrumb\":{\"@id\":\"https:\/\/mucbo.org\/es\/gran-acollida-de-la-jornada-de-sant-jordi-al-mucbo\/#breadcrumb\"},\"inLanguage\":\"es\",\"potentialAction\":[{\"@type\":\"ReadAction\",\"target\":[\"https:\/\/mucbo.org\/es\/gran-acollida-de-la-jornada-de-sant-jordi-al-mucbo\/\"]}]},{\"@type\":\"ImageObject\",\"inLanguage\":\"es\",\"@id\":\"https:\/\/mucbo.org\/es\/gran-acollida-de-la-jornada-de-sant-jordi-al-mucbo\/#primaryimage\",\"url\":\"https:\/\/mucbo.org\/wp-content\/uploads\/WhatsApp-Image-2026-04-29-at-14.59.42.jpeg\",\"contentUrl\":\"https:\/\/mucbo.org\/wp-content\/uploads\/WhatsApp-Image-2026-04-29-at-14.59.42.jpeg\",\"width\":945,\"height\":1260},{\"@type\":\"BreadcrumbList\",\"@id\":\"https:\/\/mucbo.org\/es\/gran-acollida-de-la-jornada-de-sant-jordi-al-mucbo\/#breadcrumb\",\"itemListElement\":[{\"@type\":\"ListItem\",\"position\":1,\"name\":\"Inicio\",\"item\":\"https:\/\/mucbo.org\/es\/\"},{\"@type\":\"ListItem\",\"position\":2,\"name\":\"Gran acollida de la jornada de Sant Jordi al MUCBO\"}]},{\"@type\":\"WebSite\",\"@id\":\"https:\/\/mucbo.org\/es\/#website\",\"url\":\"https:\/\/mucbo.org\/es\/\",\"name\":\"MUCBO\",\"description\":\"Fundaci\u00f3 Jard\u00ed Bot\u00e0nic de S\u00f3ller - Museu Balear de Ci\u00e8ncies Naturals\",\"potentialAction\":[{\"@type\":\"SearchAction\",\"target\":{\"@type\":\"EntryPoint\",\"urlTemplate\":\"https:\/\/mucbo.org\/es\/?s={search_term_string}\"},\"query-input\":{\"@type\":\"PropertyValueSpecification\",\"valueRequired\":true,\"valueName\":\"search_term_string\"}}],\"inLanguage\":\"es\"},{\"@type\":\"Person\",\"@id\":\"https:\/\/mucbo.org\/es\/#\/schema\/person\/af988b76257e083c4560ef156b2e2cb1\",\"name\":\"mpcloquell\"}]}<\/script>\n<!-- \/ Yoast SEO plugin. -->","yoast_head_json":{"title":"Gran acollida de la jornada de Sant Jordi al MUCBO - MUCBO","robots":{"index":"index","follow":"follow","max-snippet":"max-snippet:-1","max-image-preview":"max-image-preview:large","max-video-preview":"max-video-preview:-1"},"canonical":"https:\/\/mucbo.org\/es\/gran-acollida-de-la-jornada-de-sant-jordi-al-mucbo\/","og_locale":"es_ES","og_type":"article","og_title":"Gran acollida de la jornada de Sant Jordi al MUCBO - MUCBO","og_description":"El passat diumenge dia 26 d&#8217;abril varem celebrar el nostre Sant Jordi particular amb un dia preci\u00f3s ple d&#8217;activitats, literatura, i m\u00fasica. El dia va acompanyar molt, amb una jornada ben assolellada per a poder gaudir de la primavera al Jard\u00ed Bot\u00e0nic. Amb l&#8217;obertura de portes a les 10h, els visitants varen poder passejar pel [&hellip;]","og_url":"https:\/\/mucbo.org\/es\/gran-acollida-de-la-jornada-de-sant-jordi-al-mucbo\/","og_site_name":"MUCBO","article_published_time":"2026-04-29T13:35:09+00:00","og_image":[{"width":720,"height":1197,"url":"https:\/\/mucbo.org\/wp-content\/uploads\/WhatsApp-Image-2026-04-29-at-14.59.42-1-1.jpeg","type":"image\/jpeg"}],"author":"mpcloquell","twitter_card":"summary_large_image","twitter_misc":{"Escrito por":"mpcloquell","Tiempo de lectura":"3 minutos"},"schema":{"@context":"https:\/\/schema.org","@graph":[{"@type":"WebPage","@id":"https:\/\/mucbo.org\/es\/gran-acollida-de-la-jornada-de-sant-jordi-al-mucbo\/","url":"https:\/\/mucbo.org\/es\/gran-acollida-de-la-jornada-de-sant-jordi-al-mucbo\/","name":"Gran acollida de la jornada de Sant Jordi al MUCBO - MUCBO","isPartOf":{"@id":"https:\/\/mucbo.org\/es\/#website"},"primaryImageOfPage":{"@id":"https:\/\/mucbo.org\/es\/gran-acollida-de-la-jornada-de-sant-jordi-al-mucbo\/#primaryimage"},"image":{"@id":"https:\/\/mucbo.org\/es\/gran-acollida-de-la-jornada-de-sant-jordi-al-mucbo\/#primaryimage"},"thumbnailUrl":"https:\/\/mucbo.org\/wp-content\/uploads\/WhatsApp-Image-2026-04-29-at-14.59.42.jpeg","datePublished":"2026-04-29T13:35:09+00:00","dateModified":"2026-04-29T13:35:09+00:00","author":{"@id":"https:\/\/mucbo.org\/es\/#\/schema\/person\/af988b76257e083c4560ef156b2e2cb1"},"breadcrumb":{"@id":"https:\/\/mucbo.org\/es\/gran-acollida-de-la-jornada-de-sant-jordi-al-mucbo\/#breadcrumb"},"inLanguage":"es","potentialAction":[{"@type":"ReadAction","target":["https:\/\/mucbo.org\/es\/gran-acollida-de-la-jornada-de-sant-jordi-al-mucbo\/"]}]},{"@type":"ImageObject","inLanguage":"es","@id":"https:\/\/mucbo.org\/es\/gran-acollida-de-la-jornada-de-sant-jordi-al-mucbo\/#primaryimage","url":"https:\/\/mucbo.org\/wp-content\/uploads\/WhatsApp-Image-2026-04-29-at-14.59.42.jpeg","contentUrl":"https:\/\/mucbo.org\/wp-content\/uploads\/WhatsApp-Image-2026-04-29-at-14.59.42.jpeg","width":945,"height":1260},{"@type":"BreadcrumbList","@id":"https:\/\/mucbo.org\/es\/gran-acollida-de-la-jornada-de-sant-jordi-al-mucbo\/#breadcrumb","itemListElement":[{"@type":"ListItem","position":1,"name":"Inicio","item":"https:\/\/mucbo.org\/es\/"},{"@type":"ListItem","position":2,"name":"Gran acollida de la jornada de Sant Jordi al MUCBO"}]},{"@type":"WebSite","@id":"https:\/\/mucbo.org\/es\/#website","url":"https:\/\/mucbo.org\/es\/","name":"MUCBO","description":"Fundaci\u00f3 Jard\u00ed Bot\u00e0nic de S\u00f3ller - Museu Balear de Ci\u00e8ncies Naturals","potentialAction":[{"@type":"SearchAction","target":{"@type":"EntryPoint","urlTemplate":"https:\/\/mucbo.org\/es\/?s={search_term_string}"},"query-input":{"@type":"PropertyValueSpecification","valueRequired":true,"valueName":"search_term_string"}}],"inLanguage":"es"},{"@type":"Person","@id":"https:\/\/mucbo.org\/es\/#\/schema\/person\/af988b76257e083c4560ef156b2e2cb1","name":"mpcloquell"}]}},"_links":{"self":[{"href":"https:\/\/mucbo.org\/es\/wp-json\/wp\/v2\/posts\/11052","targetHints":{"allow":["GET"]}}],"collection":[{"href":"https:\/\/mucbo.org\/es\/wp-json\/wp\/v2\/posts"}],"about":[{"href":"https:\/\/mucbo.org\/es\/wp-json\/wp\/v2\/types\/post"}],"author":[{"embeddable":true,"href":"https:\/\/mucbo.org\/es\/wp-json\/wp\/v2\/users\/6"}],"replies":[{"embeddable":true,"href":"https:\/\/mucbo.org\/es\/wp-json\/wp\/v2\/comments?post=11052"}],"version-history":[{"count":0,"href":"https:\/\/mucbo.org\/es\/wp-json\/wp\/v2\/posts\/11052\/revisions"}],"wp:featuredmedia":[{"embeddable":true,"href":"https:\/\/mucbo.org\/es\/wp-json\/wp\/v2\/media\/11049"}],"wp:attachment":[{"href":"https:\/\/mucbo.org\/es\/wp-json\/wp\/v2\/media?parent=11052"}],"wp:term":[{"taxonomy":"category","embeddable":true,"href":"https:\/\/mucbo.org\/es\/wp-json\/wp\/v2\/categories?post=11052"},{"taxonomy":"post_tag","embeddable":true,"href":"https:\/\/mucbo.org\/es\/wp-json\/wp\/v2\/tags?post=11052"}],"curies":[{"name":"wp","href":"https:\/\/api.w.org\/{rel}","templated":true}]}}