{"id":10971,"date":"2026-04-20T15:00:00","date_gmt":"2026-04-20T13:00:00","guid":{"rendered":"https:\/\/mucbo.org\/tallers-per-a-vacances-2026-la-riquesa-dels-regnes\/"},"modified":"2026-04-20T15:00:00","modified_gmt":"2026-04-20T13:00:00","slug":"tallers-per-a-vacances-2026-la-riquesa-dels-regnes","status":"publish","type":"post","link":"https:\/\/mucbo.org\/es\/tallers-per-a-vacances-2026-la-riquesa-dels-regnes\/","title":{"rendered":"Tallers de ci\u00e8ncia estiu 2026: La Riquesa dels Regnes"},"content":{"rendered":"<p>Torna l&#8217;escola d&#8217;estiu al MUCBO! Enguany els tallers per a vacances estaran dedicats a la diversitat biol\u00f2gica del nostre planeta amb \u00abLa Riquesa dels Regnes\u00bb!  Els participants podran descobrir el fascinant m\u00f3n dels regnes de la natura, per descobrir la diversitat biol\u00f2gica que existeix.\u00a0A partir de les col\u00b7leccions del Jard\u00ed i del Museu ens divertirem fent investigacions, jocs, manualitats, i molt m\u00e9s, a la vegada que tamb\u00e9 despertam la curiositat envers la natura que ens envolta.\u00a0<br>Des dels microorganismes a les balenes passant pels fongs, invertebrats, plantes i ocells, cada setmana coneixerem a fons un d&#8217;aquests grups biol\u00f2gics. <\/p><p>Aquests tallers\u00a0<strong>\u00abLa riquesa dels regnes\u00bb<\/strong>, adre\u00e7ats a nins i nines de\u00a0<strong>3\u00a0<\/strong>(que ja hagin cursat 4art d\u2019educaci\u00f3 infantil)\u00a0<strong>a 12 anys<\/strong>,\u00a0<\/p><p>Els tallers es faran de&nbsp;<strong>09h a 14h<\/strong>. A m\u00e9s, oferirem escoleta matinera de&nbsp;<strong>08h a 09h<\/strong>&nbsp;i servei de menjador de les&nbsp;<strong>14 a 15:30h<\/strong>. &nbsp; Les places s\u00f3n limitades i cal fer inscripci\u00f3 pr\u00e8via!<\/p><p>Per\u00edode d\u2019inscripci\u00f3:&nbsp;<\/p><ul class=\"wp-block-list\"><li>Membres patrocinadors i socis: Del 24 al 30 d&#8217;abril<\/li>\n\n<li>P\u00fablic en general: A partir del 01 de maig\u00a0<\/li><\/ul><p class=\"has-medium-font-size\">El formulari d\u2019inscripci\u00f3 s\u2019obrir\u00e0 el <strong>divendres 24 d&#8217;abril a les 8h<\/strong>, moment a partir del qual podreu presentar la vostra sol\u00b7licitud.<\/p><p>Per a m\u00e9s informaci\u00f3 contactau amb nosaltres al 971634064 o per e-mail a educacio@mucbo.org<\/p>","protected":false},"excerpt":{"rendered":"<p>Torna l&#8217;escola d&#8217;estiu al MUCBO! Enguany els tallers per a vacances estaran dedicats a la diversitat biol\u00f2gica del nostre planeta amb \u00abLa Riquesa dels Regnes\u00bb! Els participants podran descobrir el fascinant m\u00f3n dels regnes de la natura, per descobrir la diversitat biol\u00f2gica que existeix.\u00a0A partir de les col\u00b7leccions del Jard\u00ed i del Museu ens divertirem [&hellip;]<\/p>\n","protected":false},"author":6,"featured_media":10906,"comment_status":"closed","ping_status":"closed","sticky":false,"template":"","format":"standard","meta":{"_acf_changed":false,"footnotes":""},"categories":[133,132],"tags":[],"class_list":["post-10971","post","type-post","status-publish","format-standard","has-post-thumbnail","hentry","category-actividades-actuales","category-agenda"],"acf":[],"yoast_head":"<!-- This site is optimized with the Yoast SEO plugin v24.2 - https:\/\/yoast.com\/wordpress\/plugins\/seo\/ -->\n<title>Tallers de ci\u00e8ncia estiu 2026: La Riquesa dels Regnes - MUCBO<\/title>\n<meta name=\"robots\" content=\"index, follow, max-snippet:-1, max-image-preview:large, max-video-preview:-1\" \/>\n<link rel=\"canonical\" href=\"https:\/\/mucbo.org\/es\/tallers-per-a-vacances-2026-la-riquesa-dels-regnes\/\" \/>\n<meta property=\"og:locale\" content=\"es_ES\" \/>\n<meta property=\"og:type\" content=\"article\" \/>\n<meta property=\"og:title\" content=\"Tallers de ci\u00e8ncia estiu 2026: La Riquesa dels Regnes - MUCBO\" \/>\n<meta property=\"og:description\" content=\"Torna l&#8217;escola d&#8217;estiu al MUCBO! Enguany els tallers per a vacances estaran dedicats a la diversitat biol\u00f2gica del nostre planeta amb \u00abLa Riquesa dels Regnes\u00bb! Els participants podran descobrir el fascinant m\u00f3n dels regnes de la natura, per descobrir la diversitat biol\u00f2gica que existeix.\u00a0A partir de les col\u00b7leccions del Jard\u00ed i del Museu ens divertirem [&hellip;]\" \/>\n<meta property=\"og:url\" content=\"https:\/\/mucbo.org\/es\/tallers-per-a-vacances-2026-la-riquesa-dels-regnes\/\" \/>\n<meta property=\"og:site_name\" content=\"MUCBO\" \/>\n<meta property=\"article:published_time\" content=\"2026-04-20T13:00:00+00:00\" \/>\n<meta name=\"author\" content=\"mpcloquell\" \/>\n<meta name=\"twitter:card\" content=\"summary_large_image\" \/>\n<meta name=\"twitter:label1\" content=\"Escrito por\" \/>\n\t<meta name=\"twitter:data1\" content=\"mpcloquell\" \/>\n\t<meta name=\"twitter:label2\" content=\"Tiempo de lectura\" \/>\n\t<meta name=\"twitter:data2\" content=\"1 minuto\" \/>\n<script type=\"application\/ld+json\" class=\"yoast-schema-graph\">{\"@context\":\"https:\/\/schema.org\",\"@graph\":[{\"@type\":\"WebPage\",\"@id\":\"https:\/\/mucbo.org\/es\/tallers-per-a-vacances-2026-la-riquesa-dels-regnes\/\",\"url\":\"https:\/\/mucbo.org\/es\/tallers-per-a-vacances-2026-la-riquesa-dels-regnes\/\",\"name\":\"Tallers de ci\u00e8ncia estiu 2026: La Riquesa dels Regnes - MUCBO\",\"isPartOf\":{\"@id\":\"https:\/\/mucbo.org\/es\/#website\"},\"primaryImageOfPage\":{\"@id\":\"https:\/\/mucbo.org\/es\/tallers-per-a-vacances-2026-la-riquesa-dels-regnes\/#primaryimage\"},\"image\":{\"@id\":\"https:\/\/mucbo.org\/es\/tallers-per-a-vacances-2026-la-riquesa-dels-regnes\/#primaryimage\"},\"thumbnailUrl\":\"https:\/\/mucbo.org\/wp-content\/uploads\/2025-2026-Activitats-infantils.jpg\",\"datePublished\":\"2026-04-20T13:00:00+00:00\",\"dateModified\":\"2026-04-20T13:00:00+00:00\",\"author\":{\"@id\":\"https:\/\/mucbo.org\/es\/#\/schema\/person\/af988b76257e083c4560ef156b2e2cb1\"},\"breadcrumb\":{\"@id\":\"https:\/\/mucbo.org\/es\/tallers-per-a-vacances-2026-la-riquesa-dels-regnes\/#breadcrumb\"},\"inLanguage\":\"es\",\"potentialAction\":[{\"@type\":\"ReadAction\",\"target\":[\"https:\/\/mucbo.org\/es\/tallers-per-a-vacances-2026-la-riquesa-dels-regnes\/\"]}]},{\"@type\":\"ImageObject\",\"inLanguage\":\"es\",\"@id\":\"https:\/\/mucbo.org\/es\/tallers-per-a-vacances-2026-la-riquesa-dels-regnes\/#primaryimage\",\"url\":\"https:\/\/mucbo.org\/wp-content\/uploads\/2025-2026-Activitats-infantils.jpg\",\"contentUrl\":\"https:\/\/mucbo.org\/wp-content\/uploads\/2025-2026-Activitats-infantils.jpg\",\"width\":1080,\"height\":1080},{\"@type\":\"BreadcrumbList\",\"@id\":\"https:\/\/mucbo.org\/es\/tallers-per-a-vacances-2026-la-riquesa-dels-regnes\/#breadcrumb\",\"itemListElement\":[{\"@type\":\"ListItem\",\"position\":1,\"name\":\"Inicio\",\"item\":\"https:\/\/mucbo.org\/es\/\"},{\"@type\":\"ListItem\",\"position\":2,\"name\":\"Tallers de ci\u00e8ncia estiu 2026: La Riquesa dels Regnes\"}]},{\"@type\":\"WebSite\",\"@id\":\"https:\/\/mucbo.org\/es\/#website\",\"url\":\"https:\/\/mucbo.org\/es\/\",\"name\":\"MUCBO\",\"description\":\"Fundaci\u00f3 Jard\u00ed Bot\u00e0nic de S\u00f3ller - Museu Balear de Ci\u00e8ncies Naturals\",\"potentialAction\":[{\"@type\":\"SearchAction\",\"target\":{\"@type\":\"EntryPoint\",\"urlTemplate\":\"https:\/\/mucbo.org\/es\/?s={search_term_string}\"},\"query-input\":{\"@type\":\"PropertyValueSpecification\",\"valueRequired\":true,\"valueName\":\"search_term_string\"}}],\"inLanguage\":\"es\"},{\"@type\":\"Person\",\"@id\":\"https:\/\/mucbo.org\/es\/#\/schema\/person\/af988b76257e083c4560ef156b2e2cb1\",\"name\":\"mpcloquell\"}]}<\/script>\n<!-- \/ Yoast SEO plugin. -->","yoast_head_json":{"title":"Tallers de ci\u00e8ncia estiu 2026: La Riquesa dels Regnes - MUCBO","robots":{"index":"index","follow":"follow","max-snippet":"max-snippet:-1","max-image-preview":"max-image-preview:large","max-video-preview":"max-video-preview:-1"},"canonical":"https:\/\/mucbo.org\/es\/tallers-per-a-vacances-2026-la-riquesa-dels-regnes\/","og_locale":"es_ES","og_type":"article","og_title":"Tallers de ci\u00e8ncia estiu 2026: La Riquesa dels Regnes - MUCBO","og_description":"Torna l&#8217;escola d&#8217;estiu al MUCBO! Enguany els tallers per a vacances estaran dedicats a la diversitat biol\u00f2gica del nostre planeta amb \u00abLa Riquesa dels Regnes\u00bb! Els participants podran descobrir el fascinant m\u00f3n dels regnes de la natura, per descobrir la diversitat biol\u00f2gica que existeix.\u00a0A partir de les col\u00b7leccions del Jard\u00ed i del Museu ens divertirem [&hellip;]","og_url":"https:\/\/mucbo.org\/es\/tallers-per-a-vacances-2026-la-riquesa-dels-regnes\/","og_site_name":"MUCBO","article_published_time":"2026-04-20T13:00:00+00:00","author":"mpcloquell","twitter_card":"summary_large_image","twitter_misc":{"Escrito por":"mpcloquell","Tiempo de lectura":"1 minuto"},"schema":{"@context":"https:\/\/schema.org","@graph":[{"@type":"WebPage","@id":"https:\/\/mucbo.org\/es\/tallers-per-a-vacances-2026-la-riquesa-dels-regnes\/","url":"https:\/\/mucbo.org\/es\/tallers-per-a-vacances-2026-la-riquesa-dels-regnes\/","name":"Tallers de ci\u00e8ncia estiu 2026: La Riquesa dels Regnes - MUCBO","isPartOf":{"@id":"https:\/\/mucbo.org\/es\/#website"},"primaryImageOfPage":{"@id":"https:\/\/mucbo.org\/es\/tallers-per-a-vacances-2026-la-riquesa-dels-regnes\/#primaryimage"},"image":{"@id":"https:\/\/mucbo.org\/es\/tallers-per-a-vacances-2026-la-riquesa-dels-regnes\/#primaryimage"},"thumbnailUrl":"https:\/\/mucbo.org\/wp-content\/uploads\/2025-2026-Activitats-infantils.jpg","datePublished":"2026-04-20T13:00:00+00:00","dateModified":"2026-04-20T13:00:00+00:00","author":{"@id":"https:\/\/mucbo.org\/es\/#\/schema\/person\/af988b76257e083c4560ef156b2e2cb1"},"breadcrumb":{"@id":"https:\/\/mucbo.org\/es\/tallers-per-a-vacances-2026-la-riquesa-dels-regnes\/#breadcrumb"},"inLanguage":"es","potentialAction":[{"@type":"ReadAction","target":["https:\/\/mucbo.org\/es\/tallers-per-a-vacances-2026-la-riquesa-dels-regnes\/"]}]},{"@type":"ImageObject","inLanguage":"es","@id":"https:\/\/mucbo.org\/es\/tallers-per-a-vacances-2026-la-riquesa-dels-regnes\/#primaryimage","url":"https:\/\/mucbo.org\/wp-content\/uploads\/2025-2026-Activitats-infantils.jpg","contentUrl":"https:\/\/mucbo.org\/wp-content\/uploads\/2025-2026-Activitats-infantils.jpg","width":1080,"height":1080},{"@type":"BreadcrumbList","@id":"https:\/\/mucbo.org\/es\/tallers-per-a-vacances-2026-la-riquesa-dels-regnes\/#breadcrumb","itemListElement":[{"@type":"ListItem","position":1,"name":"Inicio","item":"https:\/\/mucbo.org\/es\/"},{"@type":"ListItem","position":2,"name":"Tallers de ci\u00e8ncia estiu 2026: La Riquesa dels Regnes"}]},{"@type":"WebSite","@id":"https:\/\/mucbo.org\/es\/#website","url":"https:\/\/mucbo.org\/es\/","name":"MUCBO","description":"Fundaci\u00f3 Jard\u00ed Bot\u00e0nic de S\u00f3ller - Museu Balear de Ci\u00e8ncies Naturals","potentialAction":[{"@type":"SearchAction","target":{"@type":"EntryPoint","urlTemplate":"https:\/\/mucbo.org\/es\/?s={search_term_string}"},"query-input":{"@type":"PropertyValueSpecification","valueRequired":true,"valueName":"search_term_string"}}],"inLanguage":"es"},{"@type":"Person","@id":"https:\/\/mucbo.org\/es\/#\/schema\/person\/af988b76257e083c4560ef156b2e2cb1","name":"mpcloquell"}]}},"_links":{"self":[{"href":"https:\/\/mucbo.org\/es\/wp-json\/wp\/v2\/posts\/10971","targetHints":{"allow":["GET"]}}],"collection":[{"href":"https:\/\/mucbo.org\/es\/wp-json\/wp\/v2\/posts"}],"about":[{"href":"https:\/\/mucbo.org\/es\/wp-json\/wp\/v2\/types\/post"}],"author":[{"embeddable":true,"href":"https:\/\/mucbo.org\/es\/wp-json\/wp\/v2\/users\/6"}],"replies":[{"embeddable":true,"href":"https:\/\/mucbo.org\/es\/wp-json\/wp\/v2\/comments?post=10971"}],"version-history":[{"count":0,"href":"https:\/\/mucbo.org\/es\/wp-json\/wp\/v2\/posts\/10971\/revisions"}],"wp:featuredmedia":[{"embeddable":true,"href":"https:\/\/mucbo.org\/es\/wp-json\/wp\/v2\/media\/10906"}],"wp:attachment":[{"href":"https:\/\/mucbo.org\/es\/wp-json\/wp\/v2\/media?parent=10971"}],"wp:term":[{"taxonomy":"category","embeddable":true,"href":"https:\/\/mucbo.org\/es\/wp-json\/wp\/v2\/categories?post=10971"},{"taxonomy":"post_tag","embeddable":true,"href":"https:\/\/mucbo.org\/es\/wp-json\/wp\/v2\/tags?post=10971"}],"curies":[{"name":"wp","href":"https:\/\/api.w.org\/{rel}","templated":true}]}}