{"id":10405,"date":"2026-03-11T12:22:28","date_gmt":"2026-03-11T10:22:28","guid":{"rendered":"https:\/\/mucbo.org\/convocatoria-sant-jordi-al-mucbo-2026-voleu-posar-una-parada-al-mercatconvocatoria\/"},"modified":"2026-03-11T12:25:44","modified_gmt":"2026-03-11T10:25:44","slug":"convocatoria-sant-jordi-al-mucbo-2026-voleu-posar-una-parada-al-mercatconvocatoria","status":"publish","type":"post","link":"https:\/\/mucbo.org\/es\/convocatoria-sant-jordi-al-mucbo-2026-voleu-posar-una-parada-al-mercatconvocatoria\/","title":{"rendered":"CONVOCATORIA: SANT JORDI EN EL MUCBO 2026 \u2013 \u00bfQUER\u00c9IS PONER UN PUESTO EN EL MERCADO?"},"content":{"rendered":"<p>Desde el MUCBO hemos empezado a organizar la IV edici\u00f3n de la Jornada de Sant Jordi de 2026, que este a\u00f1o tendr\u00e1 lugar el domingo 26 de abril de 10 a 17h. Se trata de una jornada con actividades para toda la familia, con talleres, presentaciones literarias, conciertos y un mercado de artesan\u00eda.<\/p><p><strong>\u00bfQu\u00e9 debemos hacer para participar en el mercado artesanal del MUCBO?<\/strong><\/p><p>Para poder participar en el mercado, es necesario rellenar el formulario con los datos solicitados.<\/p><p>Entre las distintas solicitudes se seleccionar\u00e1n aquellos artesanos y productos m\u00e1s alineados con el MUCBO hasta completar los espacios disponibles.<\/p><p>Una vez se confirme vuestra solicitud, se deber\u00e1 realizar un pago de 30\u20ac como <strong>DEP\u00d3SITO<\/strong> para la reserva del espacio, un importe que <strong>OS DEVOLVEREMOS<\/strong> despu\u00e9s de la jornada. En caso de no asistir, el dinero no ser\u00e1 devuelto.<\/p><p>Rellenad el formulario para hacer la solicitud o pedid informaci\u00f3n en <strong>mpomar@mucbo.org<\/strong>rg\u00a0<\/p><p><\/p><div class=\"wp-block-buttons is-content-justification-center is-layout-flex wp-container-core-buttons-is-layout-16018d1d wp-block-buttons-is-layout-flex\"><div class=\"wp-block-button\"><a class=\"wp-block-button__link wp-element-button\" href=\"https:\/\/forms.gle\/KKyaVyKx3PfgXxdU7\">Formulario de inscripci\u00f3n<\/a><\/div><\/div>","protected":false},"excerpt":{"rendered":"<p>Desde el MUCBO hemos empezado a organizar la IV edici\u00f3n de la Jornada de Sant Jordi de 2026, que este a\u00f1o tendr\u00e1 lugar el domingo 26 de abril de 10 a 17h. Se trata de una jornada con actividades para toda la familia, con talleres, presentaciones literarias, conciertos y un mercado de artesan\u00eda. \u00bfQu\u00e9 debemos [&hellip;]<\/p>\n","protected":false},"author":6,"featured_media":10402,"comment_status":"closed","ping_status":"closed","sticky":false,"template":"","format":"standard","meta":{"_acf_changed":false,"footnotes":""},"categories":[136],"tags":[],"class_list":["post-10405","post","type-post","status-publish","format-standard","has-post-thumbnail","hentry","category-noticias"],"acf":[],"yoast_head":"<!-- This site is optimized with the Yoast SEO plugin v24.2 - https:\/\/yoast.com\/wordpress\/plugins\/seo\/ -->\n<title>CONVOCATORIA: SANT JORDI EN EL MUCBO 2026 \u2013 \u00bfQUER\u00c9IS PONER UN PUESTO EN EL MERCADO? - MUCBO<\/title>\n<meta name=\"robots\" content=\"index, follow, max-snippet:-1, max-image-preview:large, max-video-preview:-1\" \/>\n<link rel=\"canonical\" href=\"https:\/\/mucbo.org\/es\/convocatoria-sant-jordi-al-mucbo-2026-voleu-posar-una-parada-al-mercatconvocatoria\/\" \/>\n<meta property=\"og:locale\" content=\"es_ES\" \/>\n<meta property=\"og:type\" content=\"article\" \/>\n<meta property=\"og:title\" content=\"CONVOCATORIA: SANT JORDI EN EL MUCBO 2026 \u2013 \u00bfQUER\u00c9IS PONER UN PUESTO EN EL MERCADO? - MUCBO\" \/>\n<meta property=\"og:description\" content=\"Desde el MUCBO hemos empezado a organizar la IV edici\u00f3n de la Jornada de Sant Jordi de 2026, que este a\u00f1o tendr\u00e1 lugar el domingo 26 de abril de 10 a 17h. Se trata de una jornada con actividades para toda la familia, con talleres, presentaciones literarias, conciertos y un mercado de artesan\u00eda. \u00bfQu\u00e9 debemos [&hellip;]\" \/>\n<meta property=\"og:url\" content=\"https:\/\/mucbo.org\/es\/convocatoria-sant-jordi-al-mucbo-2026-voleu-posar-una-parada-al-mercatconvocatoria\/\" \/>\n<meta property=\"og:site_name\" content=\"MUCBO\" \/>\n<meta property=\"article:published_time\" content=\"2026-03-11T10:22:28+00:00\" \/>\n<meta property=\"article:modified_time\" content=\"2026-03-11T10:25:44+00:00\" \/>\n<meta property=\"og:image\" content=\"https:\/\/mucbo.org\/wp-content\/uploads\/ANUNCI-del-MUCBO-1.jpg\" \/>\n\t<meta property=\"og:image:width\" content=\"1080\" \/>\n\t<meta property=\"og:image:height\" content=\"1080\" \/>\n\t<meta property=\"og:image:type\" content=\"image\/jpeg\" \/>\n<meta name=\"author\" content=\"mpcloquell\" \/>\n<meta name=\"twitter:card\" content=\"summary_large_image\" \/>\n<meta name=\"twitter:label1\" content=\"Escrito por\" \/>\n\t<meta name=\"twitter:data1\" content=\"mpcloquell\" \/>\n\t<meta name=\"twitter:label2\" content=\"Tiempo de lectura\" \/>\n\t<meta name=\"twitter:data2\" content=\"2 minutos\" \/>\n<script type=\"application\/ld+json\" class=\"yoast-schema-graph\">{\"@context\":\"https:\/\/schema.org\",\"@graph\":[{\"@type\":\"WebPage\",\"@id\":\"https:\/\/mucbo.org\/es\/convocatoria-sant-jordi-al-mucbo-2026-voleu-posar-una-parada-al-mercatconvocatoria\/\",\"url\":\"https:\/\/mucbo.org\/es\/convocatoria-sant-jordi-al-mucbo-2026-voleu-posar-una-parada-al-mercatconvocatoria\/\",\"name\":\"CONVOCATORIA: SANT JORDI EN EL MUCBO 2026 \u2013 \u00bfQUER\u00c9IS PONER UN PUESTO EN EL MERCADO? - MUCBO\",\"isPartOf\":{\"@id\":\"https:\/\/mucbo.org\/es\/#website\"},\"primaryImageOfPage\":{\"@id\":\"https:\/\/mucbo.org\/es\/convocatoria-sant-jordi-al-mucbo-2026-voleu-posar-una-parada-al-mercatconvocatoria\/#primaryimage\"},\"image\":{\"@id\":\"https:\/\/mucbo.org\/es\/convocatoria-sant-jordi-al-mucbo-2026-voleu-posar-una-parada-al-mercatconvocatoria\/#primaryimage\"},\"thumbnailUrl\":\"https:\/\/mucbo.org\/wp-content\/uploads\/ANUNCI-del-MUCBO-1.jpg\",\"datePublished\":\"2026-03-11T10:22:28+00:00\",\"dateModified\":\"2026-03-11T10:25:44+00:00\",\"author\":{\"@id\":\"https:\/\/mucbo.org\/es\/#\/schema\/person\/af988b76257e083c4560ef156b2e2cb1\"},\"breadcrumb\":{\"@id\":\"https:\/\/mucbo.org\/es\/convocatoria-sant-jordi-al-mucbo-2026-voleu-posar-una-parada-al-mercatconvocatoria\/#breadcrumb\"},\"inLanguage\":\"es\",\"potentialAction\":[{\"@type\":\"ReadAction\",\"target\":[\"https:\/\/mucbo.org\/es\/convocatoria-sant-jordi-al-mucbo-2026-voleu-posar-una-parada-al-mercatconvocatoria\/\"]}]},{\"@type\":\"ImageObject\",\"inLanguage\":\"es\",\"@id\":\"https:\/\/mucbo.org\/es\/convocatoria-sant-jordi-al-mucbo-2026-voleu-posar-una-parada-al-mercatconvocatoria\/#primaryimage\",\"url\":\"https:\/\/mucbo.org\/wp-content\/uploads\/ANUNCI-del-MUCBO-1.jpg\",\"contentUrl\":\"https:\/\/mucbo.org\/wp-content\/uploads\/ANUNCI-del-MUCBO-1.jpg\",\"width\":1080,\"height\":1080},{\"@type\":\"BreadcrumbList\",\"@id\":\"https:\/\/mucbo.org\/es\/convocatoria-sant-jordi-al-mucbo-2026-voleu-posar-una-parada-al-mercatconvocatoria\/#breadcrumb\",\"itemListElement\":[{\"@type\":\"ListItem\",\"position\":1,\"name\":\"Inicio\",\"item\":\"https:\/\/mucbo.org\/es\/\"},{\"@type\":\"ListItem\",\"position\":2,\"name\":\"CONVOCATORIA: SANT JORDI EN EL MUCBO 2026 \u2013 \u00bfQUER\u00c9IS PONER UN PUESTO EN EL MERCADO?\"}]},{\"@type\":\"WebSite\",\"@id\":\"https:\/\/mucbo.org\/es\/#website\",\"url\":\"https:\/\/mucbo.org\/es\/\",\"name\":\"MUCBO\",\"description\":\"Fundaci\u00f3 Jard\u00ed Bot\u00e0nic de S\u00f3ller - Museu Balear de Ci\u00e8ncies Naturals\",\"potentialAction\":[{\"@type\":\"SearchAction\",\"target\":{\"@type\":\"EntryPoint\",\"urlTemplate\":\"https:\/\/mucbo.org\/es\/?s={search_term_string}\"},\"query-input\":{\"@type\":\"PropertyValueSpecification\",\"valueRequired\":true,\"valueName\":\"search_term_string\"}}],\"inLanguage\":\"es\"},{\"@type\":\"Person\",\"@id\":\"https:\/\/mucbo.org\/es\/#\/schema\/person\/af988b76257e083c4560ef156b2e2cb1\",\"name\":\"mpcloquell\"}]}<\/script>\n<!-- \/ Yoast SEO plugin. -->","yoast_head_json":{"title":"CONVOCATORIA: SANT JORDI EN EL MUCBO 2026 \u2013 \u00bfQUER\u00c9IS PONER UN PUESTO EN EL MERCADO? - MUCBO","robots":{"index":"index","follow":"follow","max-snippet":"max-snippet:-1","max-image-preview":"max-image-preview:large","max-video-preview":"max-video-preview:-1"},"canonical":"https:\/\/mucbo.org\/es\/convocatoria-sant-jordi-al-mucbo-2026-voleu-posar-una-parada-al-mercatconvocatoria\/","og_locale":"es_ES","og_type":"article","og_title":"CONVOCATORIA: SANT JORDI EN EL MUCBO 2026 \u2013 \u00bfQUER\u00c9IS PONER UN PUESTO EN EL MERCADO? - MUCBO","og_description":"Desde el MUCBO hemos empezado a organizar la IV edici\u00f3n de la Jornada de Sant Jordi de 2026, que este a\u00f1o tendr\u00e1 lugar el domingo 26 de abril de 10 a 17h. Se trata de una jornada con actividades para toda la familia, con talleres, presentaciones literarias, conciertos y un mercado de artesan\u00eda. \u00bfQu\u00e9 debemos [&hellip;]","og_url":"https:\/\/mucbo.org\/es\/convocatoria-sant-jordi-al-mucbo-2026-voleu-posar-una-parada-al-mercatconvocatoria\/","og_site_name":"MUCBO","article_published_time":"2026-03-11T10:22:28+00:00","article_modified_time":"2026-03-11T10:25:44+00:00","og_image":[{"width":1080,"height":1080,"url":"https:\/\/mucbo.org\/wp-content\/uploads\/ANUNCI-del-MUCBO-1.jpg","type":"image\/jpeg"}],"author":"mpcloquell","twitter_card":"summary_large_image","twitter_misc":{"Escrito por":"mpcloquell","Tiempo de lectura":"2 minutos"},"schema":{"@context":"https:\/\/schema.org","@graph":[{"@type":"WebPage","@id":"https:\/\/mucbo.org\/es\/convocatoria-sant-jordi-al-mucbo-2026-voleu-posar-una-parada-al-mercatconvocatoria\/","url":"https:\/\/mucbo.org\/es\/convocatoria-sant-jordi-al-mucbo-2026-voleu-posar-una-parada-al-mercatconvocatoria\/","name":"CONVOCATORIA: SANT JORDI EN EL MUCBO 2026 \u2013 \u00bfQUER\u00c9IS PONER UN PUESTO EN EL MERCADO? - MUCBO","isPartOf":{"@id":"https:\/\/mucbo.org\/es\/#website"},"primaryImageOfPage":{"@id":"https:\/\/mucbo.org\/es\/convocatoria-sant-jordi-al-mucbo-2026-voleu-posar-una-parada-al-mercatconvocatoria\/#primaryimage"},"image":{"@id":"https:\/\/mucbo.org\/es\/convocatoria-sant-jordi-al-mucbo-2026-voleu-posar-una-parada-al-mercatconvocatoria\/#primaryimage"},"thumbnailUrl":"https:\/\/mucbo.org\/wp-content\/uploads\/ANUNCI-del-MUCBO-1.jpg","datePublished":"2026-03-11T10:22:28+00:00","dateModified":"2026-03-11T10:25:44+00:00","author":{"@id":"https:\/\/mucbo.org\/es\/#\/schema\/person\/af988b76257e083c4560ef156b2e2cb1"},"breadcrumb":{"@id":"https:\/\/mucbo.org\/es\/convocatoria-sant-jordi-al-mucbo-2026-voleu-posar-una-parada-al-mercatconvocatoria\/#breadcrumb"},"inLanguage":"es","potentialAction":[{"@type":"ReadAction","target":["https:\/\/mucbo.org\/es\/convocatoria-sant-jordi-al-mucbo-2026-voleu-posar-una-parada-al-mercatconvocatoria\/"]}]},{"@type":"ImageObject","inLanguage":"es","@id":"https:\/\/mucbo.org\/es\/convocatoria-sant-jordi-al-mucbo-2026-voleu-posar-una-parada-al-mercatconvocatoria\/#primaryimage","url":"https:\/\/mucbo.org\/wp-content\/uploads\/ANUNCI-del-MUCBO-1.jpg","contentUrl":"https:\/\/mucbo.org\/wp-content\/uploads\/ANUNCI-del-MUCBO-1.jpg","width":1080,"height":1080},{"@type":"BreadcrumbList","@id":"https:\/\/mucbo.org\/es\/convocatoria-sant-jordi-al-mucbo-2026-voleu-posar-una-parada-al-mercatconvocatoria\/#breadcrumb","itemListElement":[{"@type":"ListItem","position":1,"name":"Inicio","item":"https:\/\/mucbo.org\/es\/"},{"@type":"ListItem","position":2,"name":"CONVOCATORIA: SANT JORDI EN EL MUCBO 2026 \u2013 \u00bfQUER\u00c9IS PONER UN PUESTO EN EL MERCADO?"}]},{"@type":"WebSite","@id":"https:\/\/mucbo.org\/es\/#website","url":"https:\/\/mucbo.org\/es\/","name":"MUCBO","description":"Fundaci\u00f3 Jard\u00ed Bot\u00e0nic de S\u00f3ller - Museu Balear de Ci\u00e8ncies Naturals","potentialAction":[{"@type":"SearchAction","target":{"@type":"EntryPoint","urlTemplate":"https:\/\/mucbo.org\/es\/?s={search_term_string}"},"query-input":{"@type":"PropertyValueSpecification","valueRequired":true,"valueName":"search_term_string"}}],"inLanguage":"es"},{"@type":"Person","@id":"https:\/\/mucbo.org\/es\/#\/schema\/person\/af988b76257e083c4560ef156b2e2cb1","name":"mpcloquell"}]}},"_links":{"self":[{"href":"https:\/\/mucbo.org\/es\/wp-json\/wp\/v2\/posts\/10405","targetHints":{"allow":["GET"]}}],"collection":[{"href":"https:\/\/mucbo.org\/es\/wp-json\/wp\/v2\/posts"}],"about":[{"href":"https:\/\/mucbo.org\/es\/wp-json\/wp\/v2\/types\/post"}],"author":[{"embeddable":true,"href":"https:\/\/mucbo.org\/es\/wp-json\/wp\/v2\/users\/6"}],"replies":[{"embeddable":true,"href":"https:\/\/mucbo.org\/es\/wp-json\/wp\/v2\/comments?post=10405"}],"version-history":[{"count":1,"href":"https:\/\/mucbo.org\/es\/wp-json\/wp\/v2\/posts\/10405\/revisions"}],"predecessor-version":[{"id":10410,"href":"https:\/\/mucbo.org\/es\/wp-json\/wp\/v2\/posts\/10405\/revisions\/10410"}],"wp:featuredmedia":[{"embeddable":true,"href":"https:\/\/mucbo.org\/es\/wp-json\/wp\/v2\/media\/10402"}],"wp:attachment":[{"href":"https:\/\/mucbo.org\/es\/wp-json\/wp\/v2\/media?parent=10405"}],"wp:term":[{"taxonomy":"category","embeddable":true,"href":"https:\/\/mucbo.org\/es\/wp-json\/wp\/v2\/categories?post=10405"},{"taxonomy":"post_tag","embeddable":true,"href":"https:\/\/mucbo.org\/es\/wp-json\/wp\/v2\/tags?post=10405"}],"curies":[{"name":"wp","href":"https:\/\/api.w.org\/{rel}","templated":true}]}}