{"id":9739,"date":"2025-11-25T11:39:21","date_gmt":"2025-11-25T09:39:21","guid":{"rendered":"https:\/\/mucbo.org\/gran-participacio-a-la-jornada-micologica-2025\/"},"modified":"2025-12-05T19:20:02","modified_gmt":"2025-12-05T17:20:02","slug":"gran-participacio-a-la-jornada-micologica-2025","status":"publish","type":"post","link":"https:\/\/mucbo.org\/en\/gran-participacio-a-la-jornada-micologica-2025\/","title":{"rendered":"\u00c8xit de convocat\u00f2ria a la Jornada Micol\u00f2gica 2025 al MUCBO"},"content":{"rendered":"<p>El passat dissabte dia 22 de novembre v\u00e0rem gaudir de la Jornada Micol\u00f2gica 2025, un dia amb molta participaci\u00f3 on els visitants varen poder con\u00e8ixer, estudiar i tastar els bolets de les Illes Balears.<\/p><p>La jornada va comptar amb una demostraci\u00f3 culin\u00e0ria on es varen elaborar quatre tapes elaborades amb diferents bolets, activitats infantils i exposici\u00f3 amb una gran diversitat d&#8217;esp\u00e8cies. A m\u00e9s, els visitants varen poder dur els seus propis bolets per a ser identificats pels mic\u00f2legs de la Societat d&#8217;Amics del MUCBO.<\/p><p>Tamb\u00e9 dins el marc de la Jornada Micol\u00f2gica, el dijous anterior unes trenta persones varen assistir a la confer\u00e8ncia &#8220;Bolets rars i peculiars de les Balears&#8221; a c\u00e0rrec de Joan Planas Marc\u00e8, on va donar a con\u00e8ixer les esp\u00e8cies menys conegudes del regne fungi que podem trobar a les nostres Illes.<\/p><p><\/p><div class=\"wp-block-group is-content-justification-center is-nowrap is-layout-flex wp-container-core-group-is-layout-94bc23d7 wp-block-group-is-layout-flex\"><div class=\"wp-block-group is-vertical is-layout-flex wp-container-core-group-is-layout-8cf370e7 wp-block-group-is-layout-flex\"><figure class=\"wp-block-image size-full is-resized\"><img decoding=\"async\" width=\"1680\" height=\"1260\" src=\"https:\/\/mucbo.org\/wp-content\/uploads\/WhatsApp-Image-2025-11-20-at-19.17.34.jpeg\" alt=\"\" class=\"wp-image-9732\" style=\"width:435px;height:auto\" srcset=\"https:\/\/mucbo.org\/wp-content\/uploads\/WhatsApp-Image-2025-11-20-at-19.17.34.jpeg 1680w, https:\/\/mucbo.org\/wp-content\/uploads\/WhatsApp-Image-2025-11-20-at-19.17.34-768x576.jpeg 768w, https:\/\/mucbo.org\/wp-content\/uploads\/WhatsApp-Image-2025-11-20-at-19.17.34-1536x1152.jpeg 1536w, https:\/\/mucbo.org\/wp-content\/uploads\/WhatsApp-Image-2025-11-20-at-19.17.34-600x450.jpeg 600w\" sizes=\"(max-width: 1680px) 100vw, 1680px\" \/><\/figure><\/div><\/div><div class=\"wp-block-image\"><figure class=\"aligncenter size-full is-resized\"><img decoding=\"async\" width=\"738\" height=\"1098\" src=\"https:\/\/mucbo.org\/wp-content\/uploads\/micologica-expo-1.jpeg\" alt=\"\" class=\"wp-image-9751\" style=\"width:360px;height:auto\" srcset=\"https:\/\/mucbo.org\/wp-content\/uploads\/micologica-expo-1.jpeg 738w, https:\/\/mucbo.org\/wp-content\/uploads\/micologica-expo-1-600x893.jpeg 600w\" sizes=\"(max-width: 738px) 100vw, 738px\" \/><\/figure><\/div>","protected":false},"excerpt":{"rendered":"<p>El passat dissabte dia 22 de novembre v\u00e0rem gaudir de la Jornada Micol\u00f2gica 2025, un dia amb molta participaci\u00f3 on els visitants varen poder con\u00e8ixer, estudiar i tastar els bolets de les Illes Balears. La jornada va comptar amb una demostraci\u00f3 culin\u00e0ria on es varen elaborar quatre tapes elaborades amb diferents bolets, activitats infantils i [&hellip;]<\/p>\n","protected":false},"author":6,"featured_media":9727,"comment_status":"closed","ping_status":"closed","sticky":false,"template":"","format":"standard","meta":{"_acf_changed":false,"footnotes":""},"categories":[142],"tags":[264,265,266],"class_list":["post-9739","post","type-post","status-publish","format-standard","has-post-thumbnail","hentry","category-news","tag-jornada-en","tag-micologia-en","tag-micologica-en"],"acf":[],"yoast_head":"<!-- This site is optimized with the Yoast SEO plugin v24.2 - https:\/\/yoast.com\/wordpress\/plugins\/seo\/ -->\n<title>\u00c8xit de convocat\u00f2ria a la Jornada Micol\u00f2gica 2025 al MUCBO - MUCBO<\/title>\n<meta name=\"robots\" content=\"index, follow, max-snippet:-1, max-image-preview:large, max-video-preview:-1\" \/>\n<link rel=\"canonical\" href=\"https:\/\/mucbo.org\/en\/gran-participacio-a-la-jornada-micologica-2025\/\" \/>\n<meta property=\"og:locale\" content=\"en_US\" \/>\n<meta property=\"og:type\" content=\"article\" \/>\n<meta property=\"og:title\" content=\"\u00c8xit de convocat\u00f2ria a la Jornada Micol\u00f2gica 2025 al MUCBO - MUCBO\" \/>\n<meta property=\"og:description\" content=\"El passat dissabte dia 22 de novembre v\u00e0rem gaudir de la Jornada Micol\u00f2gica 2025, un dia amb molta participaci\u00f3 on els visitants varen poder con\u00e8ixer, estudiar i tastar els bolets de les Illes Balears. La jornada va comptar amb una demostraci\u00f3 culin\u00e0ria on es varen elaborar quatre tapes elaborades amb diferents bolets, activitats infantils i [&hellip;]\" \/>\n<meta property=\"og:url\" content=\"https:\/\/mucbo.org\/en\/gran-participacio-a-la-jornada-micologica-2025\/\" \/>\n<meta property=\"og:site_name\" content=\"MUCBO\" \/>\n<meta property=\"article:published_time\" content=\"2025-11-25T09:39:21+00:00\" \/>\n<meta property=\"article:modified_time\" content=\"2025-12-05T17:20:02+00:00\" \/>\n<meta property=\"og:image\" content=\"https:\/\/mucbo.org\/wp-content\/uploads\/WhatsApp-Image-2025-11-25-at-10.02.39-2.jpeg\" \/>\n\t<meta property=\"og:image:width\" content=\"1600\" \/>\n\t<meta property=\"og:image:height\" content=\"900\" \/>\n\t<meta property=\"og:image:type\" content=\"image\/jpeg\" \/>\n<meta name=\"author\" content=\"mpcloquell\" \/>\n<meta name=\"twitter:card\" content=\"summary_large_image\" \/>\n<meta name=\"twitter:label1\" content=\"Written by\" \/>\n\t<meta name=\"twitter:data1\" content=\"mpcloquell\" \/>\n\t<meta name=\"twitter:label2\" content=\"Est. reading time\" \/>\n\t<meta name=\"twitter:data2\" content=\"2 minutes\" \/>\n<script type=\"application\/ld+json\" class=\"yoast-schema-graph\">{\"@context\":\"https:\/\/schema.org\",\"@graph\":[{\"@type\":\"WebPage\",\"@id\":\"https:\/\/mucbo.org\/en\/gran-participacio-a-la-jornada-micologica-2025\/\",\"url\":\"https:\/\/mucbo.org\/en\/gran-participacio-a-la-jornada-micologica-2025\/\",\"name\":\"\u00c8xit de convocat\u00f2ria a la Jornada Micol\u00f2gica 2025 al MUCBO - MUCBO\",\"isPartOf\":{\"@id\":\"https:\/\/mucbo.org\/en\/#website\"},\"primaryImageOfPage\":{\"@id\":\"https:\/\/mucbo.org\/en\/gran-participacio-a-la-jornada-micologica-2025\/#primaryimage\"},\"image\":{\"@id\":\"https:\/\/mucbo.org\/en\/gran-participacio-a-la-jornada-micologica-2025\/#primaryimage\"},\"thumbnailUrl\":\"https:\/\/mucbo.org\/wp-content\/uploads\/WhatsApp-Image-2025-11-25-at-10.02.39-2.jpeg\",\"datePublished\":\"2025-11-25T09:39:21+00:00\",\"dateModified\":\"2025-12-05T17:20:02+00:00\",\"author\":{\"@id\":\"https:\/\/mucbo.org\/en\/#\/schema\/person\/af988b76257e083c4560ef156b2e2cb1\"},\"breadcrumb\":{\"@id\":\"https:\/\/mucbo.org\/en\/gran-participacio-a-la-jornada-micologica-2025\/#breadcrumb\"},\"inLanguage\":\"en-US\",\"potentialAction\":[{\"@type\":\"ReadAction\",\"target\":[\"https:\/\/mucbo.org\/en\/gran-participacio-a-la-jornada-micologica-2025\/\"]}]},{\"@type\":\"ImageObject\",\"inLanguage\":\"en-US\",\"@id\":\"https:\/\/mucbo.org\/en\/gran-participacio-a-la-jornada-micologica-2025\/#primaryimage\",\"url\":\"https:\/\/mucbo.org\/wp-content\/uploads\/WhatsApp-Image-2025-11-25-at-10.02.39-2.jpeg\",\"contentUrl\":\"https:\/\/mucbo.org\/wp-content\/uploads\/WhatsApp-Image-2025-11-25-at-10.02.39-2.jpeg\",\"width\":1600,\"height\":900},{\"@type\":\"BreadcrumbList\",\"@id\":\"https:\/\/mucbo.org\/en\/gran-participacio-a-la-jornada-micologica-2025\/#breadcrumb\",\"itemListElement\":[{\"@type\":\"ListItem\",\"position\":1,\"name\":\"Inicio\",\"item\":\"https:\/\/mucbo.org\/en\/\"},{\"@type\":\"ListItem\",\"position\":2,\"name\":\"\u00c8xit de convocat\u00f2ria a la Jornada Micol\u00f2gica 2025 al MUCBO\"}]},{\"@type\":\"WebSite\",\"@id\":\"https:\/\/mucbo.org\/en\/#website\",\"url\":\"https:\/\/mucbo.org\/en\/\",\"name\":\"MUCBO\",\"description\":\"Fundaci\u00f3 Jard\u00ed Bot\u00e0nic de S\u00f3ller - Museu Balear de Ci\u00e8ncies Naturals\",\"potentialAction\":[{\"@type\":\"SearchAction\",\"target\":{\"@type\":\"EntryPoint\",\"urlTemplate\":\"https:\/\/mucbo.org\/en\/?s={search_term_string}\"},\"query-input\":{\"@type\":\"PropertyValueSpecification\",\"valueRequired\":true,\"valueName\":\"search_term_string\"}}],\"inLanguage\":\"en-US\"},{\"@type\":\"Person\",\"@id\":\"https:\/\/mucbo.org\/en\/#\/schema\/person\/af988b76257e083c4560ef156b2e2cb1\",\"name\":\"mpcloquell\"}]}<\/script>\n<!-- \/ Yoast SEO plugin. -->","yoast_head_json":{"title":"\u00c8xit de convocat\u00f2ria a la Jornada Micol\u00f2gica 2025 al MUCBO - MUCBO","robots":{"index":"index","follow":"follow","max-snippet":"max-snippet:-1","max-image-preview":"max-image-preview:large","max-video-preview":"max-video-preview:-1"},"canonical":"https:\/\/mucbo.org\/en\/gran-participacio-a-la-jornada-micologica-2025\/","og_locale":"en_US","og_type":"article","og_title":"\u00c8xit de convocat\u00f2ria a la Jornada Micol\u00f2gica 2025 al MUCBO - MUCBO","og_description":"El passat dissabte dia 22 de novembre v\u00e0rem gaudir de la Jornada Micol\u00f2gica 2025, un dia amb molta participaci\u00f3 on els visitants varen poder con\u00e8ixer, estudiar i tastar els bolets de les Illes Balears. La jornada va comptar amb una demostraci\u00f3 culin\u00e0ria on es varen elaborar quatre tapes elaborades amb diferents bolets, activitats infantils i [&hellip;]","og_url":"https:\/\/mucbo.org\/en\/gran-participacio-a-la-jornada-micologica-2025\/","og_site_name":"MUCBO","article_published_time":"2025-11-25T09:39:21+00:00","article_modified_time":"2025-12-05T17:20:02+00:00","og_image":[{"width":1600,"height":900,"url":"https:\/\/mucbo.org\/wp-content\/uploads\/WhatsApp-Image-2025-11-25-at-10.02.39-2.jpeg","type":"image\/jpeg"}],"author":"mpcloquell","twitter_card":"summary_large_image","twitter_misc":{"Written by":"mpcloquell","Est. reading time":"2 minutes"},"schema":{"@context":"https:\/\/schema.org","@graph":[{"@type":"WebPage","@id":"https:\/\/mucbo.org\/en\/gran-participacio-a-la-jornada-micologica-2025\/","url":"https:\/\/mucbo.org\/en\/gran-participacio-a-la-jornada-micologica-2025\/","name":"\u00c8xit de convocat\u00f2ria a la Jornada Micol\u00f2gica 2025 al MUCBO - MUCBO","isPartOf":{"@id":"https:\/\/mucbo.org\/en\/#website"},"primaryImageOfPage":{"@id":"https:\/\/mucbo.org\/en\/gran-participacio-a-la-jornada-micologica-2025\/#primaryimage"},"image":{"@id":"https:\/\/mucbo.org\/en\/gran-participacio-a-la-jornada-micologica-2025\/#primaryimage"},"thumbnailUrl":"https:\/\/mucbo.org\/wp-content\/uploads\/WhatsApp-Image-2025-11-25-at-10.02.39-2.jpeg","datePublished":"2025-11-25T09:39:21+00:00","dateModified":"2025-12-05T17:20:02+00:00","author":{"@id":"https:\/\/mucbo.org\/en\/#\/schema\/person\/af988b76257e083c4560ef156b2e2cb1"},"breadcrumb":{"@id":"https:\/\/mucbo.org\/en\/gran-participacio-a-la-jornada-micologica-2025\/#breadcrumb"},"inLanguage":"en-US","potentialAction":[{"@type":"ReadAction","target":["https:\/\/mucbo.org\/en\/gran-participacio-a-la-jornada-micologica-2025\/"]}]},{"@type":"ImageObject","inLanguage":"en-US","@id":"https:\/\/mucbo.org\/en\/gran-participacio-a-la-jornada-micologica-2025\/#primaryimage","url":"https:\/\/mucbo.org\/wp-content\/uploads\/WhatsApp-Image-2025-11-25-at-10.02.39-2.jpeg","contentUrl":"https:\/\/mucbo.org\/wp-content\/uploads\/WhatsApp-Image-2025-11-25-at-10.02.39-2.jpeg","width":1600,"height":900},{"@type":"BreadcrumbList","@id":"https:\/\/mucbo.org\/en\/gran-participacio-a-la-jornada-micologica-2025\/#breadcrumb","itemListElement":[{"@type":"ListItem","position":1,"name":"Inicio","item":"https:\/\/mucbo.org\/en\/"},{"@type":"ListItem","position":2,"name":"\u00c8xit de convocat\u00f2ria a la Jornada Micol\u00f2gica 2025 al MUCBO"}]},{"@type":"WebSite","@id":"https:\/\/mucbo.org\/en\/#website","url":"https:\/\/mucbo.org\/en\/","name":"MUCBO","description":"Fundaci\u00f3 Jard\u00ed Bot\u00e0nic de S\u00f3ller - Museu Balear de Ci\u00e8ncies Naturals","potentialAction":[{"@type":"SearchAction","target":{"@type":"EntryPoint","urlTemplate":"https:\/\/mucbo.org\/en\/?s={search_term_string}"},"query-input":{"@type":"PropertyValueSpecification","valueRequired":true,"valueName":"search_term_string"}}],"inLanguage":"en-US"},{"@type":"Person","@id":"https:\/\/mucbo.org\/en\/#\/schema\/person\/af988b76257e083c4560ef156b2e2cb1","name":"mpcloquell"}]}},"_links":{"self":[{"href":"https:\/\/mucbo.org\/en\/wp-json\/wp\/v2\/posts\/9739","targetHints":{"allow":["GET"]}}],"collection":[{"href":"https:\/\/mucbo.org\/en\/wp-json\/wp\/v2\/posts"}],"about":[{"href":"https:\/\/mucbo.org\/en\/wp-json\/wp\/v2\/types\/post"}],"author":[{"embeddable":true,"href":"https:\/\/mucbo.org\/en\/wp-json\/wp\/v2\/users\/6"}],"replies":[{"embeddable":true,"href":"https:\/\/mucbo.org\/en\/wp-json\/wp\/v2\/comments?post=9739"}],"version-history":[{"count":6,"href":"https:\/\/mucbo.org\/en\/wp-json\/wp\/v2\/posts\/9739\/revisions"}],"predecessor-version":[{"id":9850,"href":"https:\/\/mucbo.org\/en\/wp-json\/wp\/v2\/posts\/9739\/revisions\/9850"}],"wp:featuredmedia":[{"embeddable":true,"href":"https:\/\/mucbo.org\/en\/wp-json\/wp\/v2\/media\/9727"}],"wp:attachment":[{"href":"https:\/\/mucbo.org\/en\/wp-json\/wp\/v2\/media?parent=9739"}],"wp:term":[{"taxonomy":"category","embeddable":true,"href":"https:\/\/mucbo.org\/en\/wp-json\/wp\/v2\/categories?post=9739"},{"taxonomy":"post_tag","embeddable":true,"href":"https:\/\/mucbo.org\/en\/wp-json\/wp\/v2\/tags?post=9739"}],"curies":[{"name":"wp","href":"https:\/\/api.w.org\/{rel}","templated":true}]}}