{"id":8826,"date":"2025-08-04T09:21:53","date_gmt":"2025-08-04T07:21:53","guid":{"rendered":"https:\/\/mucbo.org\/nou-conveni-amb-la-fundacio-sa-nostra-per-garantir-el-futur-de-linstitut-botanic\/"},"modified":"2025-08-04T09:28:00","modified_gmt":"2025-08-04T07:28:00","slug":"nou-conveni-amb-la-fundacio-sa-nostra-per-garantir-el-futur-de-linstitut-botanic","status":"publish","type":"post","link":"https:\/\/mucbo.org\/en\/nou-conveni-amb-la-fundacio-sa-nostra-per-garantir-el-futur-de-linstitut-botanic\/","title":{"rendered":"New agreement with the Sa Nostra Foundation to secure the future of the Botanical Institute"},"content":{"rendered":"<p>Last July, a formal agreement was signed whereby the Sa Nostra Foundation, patron of our Foundation, grants the use of the house where the Botanical Institute is located, along with the terrace of ornamental plants linked to Sa Nostra.<\/p><p>The agreement was signed by our manager, Daniel Gallego, and the manager of the Sa Nostra Foundation, Luc\u00eda Mart\u00edn.<\/p><p>This agreement strengthens the collaboration between both institutions and will ensure the continuity of the scientific, educational, and conservation projects being developed in this unique space.<\/p><p>From MUCBO, we would like to express our sincere thanks to the Sa Nostra Foundation for their trust and support.<\/p>","protected":false},"excerpt":{"rendered":"<p>Last July, a formal agreement was signed whereby the Sa Nostra Foundation, patron of our Foundation, grants the use of the house where the Botanical Institute is located, along with the terrace of ornamental plants linked to Sa Nostra. The agreement was signed by our manager, Daniel Gallego, and the manager of the Sa Nostra [&hellip;]<\/p>\n","protected":false},"author":4,"featured_media":8823,"comment_status":"closed","ping_status":"closed","sticky":false,"template":"","format":"standard","meta":{"_acf_changed":false,"footnotes":""},"categories":[142],"tags":[],"class_list":["post-8826","post","type-post","status-publish","format-standard","has-post-thumbnail","hentry","category-news"],"acf":[],"yoast_head":"<!-- This site is optimized with the Yoast SEO plugin v24.2 - https:\/\/yoast.com\/wordpress\/plugins\/seo\/ -->\n<title>New agreement with the Sa Nostra Foundation to secure the future of the Botanical Institute - MUCBO<\/title>\n<meta name=\"robots\" content=\"index, follow, max-snippet:-1, max-image-preview:large, max-video-preview:-1\" \/>\n<link rel=\"canonical\" href=\"https:\/\/mucbo.org\/en\/nou-conveni-amb-la-fundacio-sa-nostra-per-garantir-el-futur-de-linstitut-botanic\/\" \/>\n<meta property=\"og:locale\" content=\"en_US\" \/>\n<meta property=\"og:type\" content=\"article\" \/>\n<meta property=\"og:title\" content=\"New agreement with the Sa Nostra Foundation to secure the future of the Botanical Institute - MUCBO\" \/>\n<meta property=\"og:description\" content=\"Last July, a formal agreement was signed whereby the Sa Nostra Foundation, patron of our Foundation, grants the use of the house where the Botanical Institute is located, along with the terrace of ornamental plants linked to Sa Nostra. The agreement was signed by our manager, Daniel Gallego, and the manager of the Sa Nostra [&hellip;]\" \/>\n<meta property=\"og:url\" content=\"https:\/\/mucbo.org\/en\/nou-conveni-amb-la-fundacio-sa-nostra-per-garantir-el-futur-de-linstitut-botanic\/\" \/>\n<meta property=\"og:site_name\" content=\"MUCBO\" \/>\n<meta property=\"article:published_time\" content=\"2025-08-04T07:21:53+00:00\" \/>\n<meta property=\"article:modified_time\" content=\"2025-08-04T07:28:00+00:00\" \/>\n<meta property=\"og:image\" content=\"https:\/\/mucbo.org\/wp-content\/uploads\/WhatsApp-Image-2025-07-29-at-08.47.35.jpeg\" \/>\n\t<meta property=\"og:image:width\" content=\"1680\" \/>\n\t<meta property=\"og:image:height\" content=\"1260\" \/>\n\t<meta property=\"og:image:type\" content=\"image\/jpeg\" \/>\n<meta name=\"author\" content=\"malena\" \/>\n<meta name=\"twitter:card\" content=\"summary_large_image\" \/>\n<meta name=\"twitter:label1\" content=\"Written by\" \/>\n\t<meta name=\"twitter:data1\" content=\"malena\" \/>\n\t<meta name=\"twitter:label2\" content=\"Est. reading time\" \/>\n\t<meta name=\"twitter:data2\" content=\"1 minute\" \/>\n<script type=\"application\/ld+json\" class=\"yoast-schema-graph\">{\"@context\":\"https:\/\/schema.org\",\"@graph\":[{\"@type\":\"WebPage\",\"@id\":\"https:\/\/mucbo.org\/en\/nou-conveni-amb-la-fundacio-sa-nostra-per-garantir-el-futur-de-linstitut-botanic\/\",\"url\":\"https:\/\/mucbo.org\/en\/nou-conveni-amb-la-fundacio-sa-nostra-per-garantir-el-futur-de-linstitut-botanic\/\",\"name\":\"New agreement with the Sa Nostra Foundation to secure the future of the Botanical Institute - MUCBO\",\"isPartOf\":{\"@id\":\"https:\/\/mucbo.org\/en\/#website\"},\"primaryImageOfPage\":{\"@id\":\"https:\/\/mucbo.org\/en\/nou-conveni-amb-la-fundacio-sa-nostra-per-garantir-el-futur-de-linstitut-botanic\/#primaryimage\"},\"image\":{\"@id\":\"https:\/\/mucbo.org\/en\/nou-conveni-amb-la-fundacio-sa-nostra-per-garantir-el-futur-de-linstitut-botanic\/#primaryimage\"},\"thumbnailUrl\":\"https:\/\/mucbo.org\/wp-content\/uploads\/WhatsApp-Image-2025-07-29-at-08.47.35.jpeg\",\"datePublished\":\"2025-08-04T07:21:53+00:00\",\"dateModified\":\"2025-08-04T07:28:00+00:00\",\"author\":{\"@id\":\"https:\/\/mucbo.org\/en\/#\/schema\/person\/6960a8294e5a404ddd31b1c8ef1a75b9\"},\"breadcrumb\":{\"@id\":\"https:\/\/mucbo.org\/en\/nou-conveni-amb-la-fundacio-sa-nostra-per-garantir-el-futur-de-linstitut-botanic\/#breadcrumb\"},\"inLanguage\":\"en-US\",\"potentialAction\":[{\"@type\":\"ReadAction\",\"target\":[\"https:\/\/mucbo.org\/en\/nou-conveni-amb-la-fundacio-sa-nostra-per-garantir-el-futur-de-linstitut-botanic\/\"]}]},{\"@type\":\"ImageObject\",\"inLanguage\":\"en-US\",\"@id\":\"https:\/\/mucbo.org\/en\/nou-conveni-amb-la-fundacio-sa-nostra-per-garantir-el-futur-de-linstitut-botanic\/#primaryimage\",\"url\":\"https:\/\/mucbo.org\/wp-content\/uploads\/WhatsApp-Image-2025-07-29-at-08.47.35.jpeg\",\"contentUrl\":\"https:\/\/mucbo.org\/wp-content\/uploads\/WhatsApp-Image-2025-07-29-at-08.47.35.jpeg\",\"width\":1680,\"height\":1260},{\"@type\":\"BreadcrumbList\",\"@id\":\"https:\/\/mucbo.org\/en\/nou-conveni-amb-la-fundacio-sa-nostra-per-garantir-el-futur-de-linstitut-botanic\/#breadcrumb\",\"itemListElement\":[{\"@type\":\"ListItem\",\"position\":1,\"name\":\"Inicio\",\"item\":\"https:\/\/mucbo.org\/en\/\"},{\"@type\":\"ListItem\",\"position\":2,\"name\":\"New agreement with the Sa Nostra Foundation to secure the future of the Botanical Institute\"}]},{\"@type\":\"WebSite\",\"@id\":\"https:\/\/mucbo.org\/en\/#website\",\"url\":\"https:\/\/mucbo.org\/en\/\",\"name\":\"MUCBO\",\"description\":\"Fundaci\u00f3 Jard\u00ed Bot\u00e0nic de S\u00f3ller - Museu Balear de Ci\u00e8ncies Naturals\",\"potentialAction\":[{\"@type\":\"SearchAction\",\"target\":{\"@type\":\"EntryPoint\",\"urlTemplate\":\"https:\/\/mucbo.org\/en\/?s={search_term_string}\"},\"query-input\":{\"@type\":\"PropertyValueSpecification\",\"valueRequired\":true,\"valueName\":\"search_term_string\"}}],\"inLanguage\":\"en-US\"},{\"@type\":\"Person\",\"@id\":\"https:\/\/mucbo.org\/en\/#\/schema\/person\/6960a8294e5a404ddd31b1c8ef1a75b9\",\"name\":\"malena\"}]}<\/script>\n<!-- \/ Yoast SEO plugin. -->","yoast_head_json":{"title":"New agreement with the Sa Nostra Foundation to secure the future of the Botanical Institute - MUCBO","robots":{"index":"index","follow":"follow","max-snippet":"max-snippet:-1","max-image-preview":"max-image-preview:large","max-video-preview":"max-video-preview:-1"},"canonical":"https:\/\/mucbo.org\/en\/nou-conveni-amb-la-fundacio-sa-nostra-per-garantir-el-futur-de-linstitut-botanic\/","og_locale":"en_US","og_type":"article","og_title":"New agreement with the Sa Nostra Foundation to secure the future of the Botanical Institute - MUCBO","og_description":"Last July, a formal agreement was signed whereby the Sa Nostra Foundation, patron of our Foundation, grants the use of the house where the Botanical Institute is located, along with the terrace of ornamental plants linked to Sa Nostra. The agreement was signed by our manager, Daniel Gallego, and the manager of the Sa Nostra [&hellip;]","og_url":"https:\/\/mucbo.org\/en\/nou-conveni-amb-la-fundacio-sa-nostra-per-garantir-el-futur-de-linstitut-botanic\/","og_site_name":"MUCBO","article_published_time":"2025-08-04T07:21:53+00:00","article_modified_time":"2025-08-04T07:28:00+00:00","og_image":[{"width":1680,"height":1260,"url":"https:\/\/mucbo.org\/wp-content\/uploads\/WhatsApp-Image-2025-07-29-at-08.47.35.jpeg","type":"image\/jpeg"}],"author":"malena","twitter_card":"summary_large_image","twitter_misc":{"Written by":"malena","Est. reading time":"1 minute"},"schema":{"@context":"https:\/\/schema.org","@graph":[{"@type":"WebPage","@id":"https:\/\/mucbo.org\/en\/nou-conveni-amb-la-fundacio-sa-nostra-per-garantir-el-futur-de-linstitut-botanic\/","url":"https:\/\/mucbo.org\/en\/nou-conveni-amb-la-fundacio-sa-nostra-per-garantir-el-futur-de-linstitut-botanic\/","name":"New agreement with the Sa Nostra Foundation to secure the future of the Botanical Institute - MUCBO","isPartOf":{"@id":"https:\/\/mucbo.org\/en\/#website"},"primaryImageOfPage":{"@id":"https:\/\/mucbo.org\/en\/nou-conveni-amb-la-fundacio-sa-nostra-per-garantir-el-futur-de-linstitut-botanic\/#primaryimage"},"image":{"@id":"https:\/\/mucbo.org\/en\/nou-conveni-amb-la-fundacio-sa-nostra-per-garantir-el-futur-de-linstitut-botanic\/#primaryimage"},"thumbnailUrl":"https:\/\/mucbo.org\/wp-content\/uploads\/WhatsApp-Image-2025-07-29-at-08.47.35.jpeg","datePublished":"2025-08-04T07:21:53+00:00","dateModified":"2025-08-04T07:28:00+00:00","author":{"@id":"https:\/\/mucbo.org\/en\/#\/schema\/person\/6960a8294e5a404ddd31b1c8ef1a75b9"},"breadcrumb":{"@id":"https:\/\/mucbo.org\/en\/nou-conveni-amb-la-fundacio-sa-nostra-per-garantir-el-futur-de-linstitut-botanic\/#breadcrumb"},"inLanguage":"en-US","potentialAction":[{"@type":"ReadAction","target":["https:\/\/mucbo.org\/en\/nou-conveni-amb-la-fundacio-sa-nostra-per-garantir-el-futur-de-linstitut-botanic\/"]}]},{"@type":"ImageObject","inLanguage":"en-US","@id":"https:\/\/mucbo.org\/en\/nou-conveni-amb-la-fundacio-sa-nostra-per-garantir-el-futur-de-linstitut-botanic\/#primaryimage","url":"https:\/\/mucbo.org\/wp-content\/uploads\/WhatsApp-Image-2025-07-29-at-08.47.35.jpeg","contentUrl":"https:\/\/mucbo.org\/wp-content\/uploads\/WhatsApp-Image-2025-07-29-at-08.47.35.jpeg","width":1680,"height":1260},{"@type":"BreadcrumbList","@id":"https:\/\/mucbo.org\/en\/nou-conveni-amb-la-fundacio-sa-nostra-per-garantir-el-futur-de-linstitut-botanic\/#breadcrumb","itemListElement":[{"@type":"ListItem","position":1,"name":"Inicio","item":"https:\/\/mucbo.org\/en\/"},{"@type":"ListItem","position":2,"name":"New agreement with the Sa Nostra Foundation to secure the future of the Botanical Institute"}]},{"@type":"WebSite","@id":"https:\/\/mucbo.org\/en\/#website","url":"https:\/\/mucbo.org\/en\/","name":"MUCBO","description":"Fundaci\u00f3 Jard\u00ed Bot\u00e0nic de S\u00f3ller - Museu Balear de Ci\u00e8ncies Naturals","potentialAction":[{"@type":"SearchAction","target":{"@type":"EntryPoint","urlTemplate":"https:\/\/mucbo.org\/en\/?s={search_term_string}"},"query-input":{"@type":"PropertyValueSpecification","valueRequired":true,"valueName":"search_term_string"}}],"inLanguage":"en-US"},{"@type":"Person","@id":"https:\/\/mucbo.org\/en\/#\/schema\/person\/6960a8294e5a404ddd31b1c8ef1a75b9","name":"malena"}]}},"_links":{"self":[{"href":"https:\/\/mucbo.org\/en\/wp-json\/wp\/v2\/posts\/8826","targetHints":{"allow":["GET"]}}],"collection":[{"href":"https:\/\/mucbo.org\/en\/wp-json\/wp\/v2\/posts"}],"about":[{"href":"https:\/\/mucbo.org\/en\/wp-json\/wp\/v2\/types\/post"}],"author":[{"embeddable":true,"href":"https:\/\/mucbo.org\/en\/wp-json\/wp\/v2\/users\/4"}],"replies":[{"embeddable":true,"href":"https:\/\/mucbo.org\/en\/wp-json\/wp\/v2\/comments?post=8826"}],"version-history":[{"count":1,"href":"https:\/\/mucbo.org\/en\/wp-json\/wp\/v2\/posts\/8826\/revisions"}],"predecessor-version":[{"id":8829,"href":"https:\/\/mucbo.org\/en\/wp-json\/wp\/v2\/posts\/8826\/revisions\/8829"}],"wp:featuredmedia":[{"embeddable":true,"href":"https:\/\/mucbo.org\/en\/wp-json\/wp\/v2\/media\/8823"}],"wp:attachment":[{"href":"https:\/\/mucbo.org\/en\/wp-json\/wp\/v2\/media?parent=8826"}],"wp:term":[{"taxonomy":"category","embeddable":true,"href":"https:\/\/mucbo.org\/en\/wp-json\/wp\/v2\/categories?post=8826"},{"taxonomy":"post_tag","embeddable":true,"href":"https:\/\/mucbo.org\/en\/wp-json\/wp\/v2\/tags?post=8826"}],"curies":[{"name":"wp","href":"https:\/\/api.w.org\/{rel}","templated":true}]}}