{"id":7628,"date":"2025-03-25T11:35:32","date_gmt":"2025-03-25T09:35:32","guid":{"rendered":"https:\/\/mucbo.org\/jornada-de-sant-jordi-al-mucbo\/"},"modified":"2025-04-01T10:16:12","modified_gmt":"2025-04-01T08:16:12","slug":"jornada-de-sant-jordi-al-mucbo","status":"publish","type":"post","link":"https:\/\/mucbo.org\/en\/jornada-de-sant-jordi-al-mucbo\/","title":{"rendered":"Jornada de SANT JORDI AL MUCBO"},"content":{"rendered":"<p>At MUCBO, we celebrate Sant Jordi with a great day full of art, nature, music, and literature. On April 27th, from 10 AM to 6 PM, we will open the doors of the Botanic Garden and Museum to offer a wide range of activities such as workshops for all audiences, storytelling, treasure hunts, literary presentations, music, an artisan market, and food.<\/p><ul class=\"wp-block-list\"><li><strong>10 AM to 6 PM<\/strong> &#8211; Artisan market and treasure hunt at the Garden and Museum<\/li><\/ul><ul class=\"wp-block-list\"><li><strong>10:30 AM to 12:30 PM<\/strong> &#8211; Crafts with nature &#8211; SANT JORDI ROSES<\/li><\/ul><ul class=\"wp-block-list\"><li><strong>11 AM to 12 PM<\/strong> &#8211; Presentation of the GUIDE TO NEST BOXES FOR BIRDS AND REFUGE BOXES FOR BATS OF BALEARES with the authors, Cristina Fiol Par\u00eds, David Garc\u00eda, and Xavier Canyelles<\/li><\/ul><ul class=\"wp-block-list\"><li><strong>12:30 PM to 1 PM<\/strong> &#8211; Presentation of L\u2019\u00c0NIMA DEL VIOL\u00cd, a theatrical piece with N\u00edvola Uy\u00e0, Poli Noguera, and Eduard Riera<\/li><\/ul><ul class=\"wp-block-list\"><li><strong>4 PM to 6 PM<\/strong> &#8211; Crafts with nature &#8211; BOOKMARKS<\/li><\/ul><ul class=\"wp-block-list\"><li><strong>4:30 PM<\/strong> &#8211; Storytelling: EL JARD\u00cd DEN BERNAT with M\u00aa Ign\u00e0sia from the MUCBO Friends Society<\/li><\/ul><p>Access to the facilities:<\/p><ul class=\"wp-block-list\"><li>Carretera Palma-Port de S\u00f3ller<\/li>\n\n<li>Carrer Capit\u00e0 Angelats<\/li><\/ul><p><\/p><h4 class=\"wp-block-heading\">Activity program:<\/h4><div class=\"wp-block-file\"><a id=\"wp-block-file--media-0b7c7dfa-0576-45bb-832d-8137cd91e6fd\" href=\"https:\/\/mucbo.org\/wp-content\/uploads\/2025-Jornada-de-Sant-Jordi-.pdf\">2025 Jorndada de Sant Jordi<\/a><a href=\"https:\/\/mucbo.org\/wp-content\/uploads\/2025-Jornada-de-Sant-Jordi-.pdf\" class=\"wp-block-file__button wp-element-button\" download aria-describedby=\"wp-block-file--media-0b7c7dfa-0576-45bb-832d-8137cd91e6fd\">Baixa<\/a><\/div><figure class=\"wp-block-gallery has-nested-images columns-default is-cropped wp-block-gallery-1 is-layout-flex wp-block-gallery-is-layout-flex\"><figure class=\"wp-block-image size-full\"><img decoding=\"async\" width=\"1080\" height=\"1080\" data-id=\"7499\" src=\"https:\/\/mucbo.org\/wp-content\/uploads\/2025-Jornada-de-Sant-Jordi-.jpg\" alt=\"\" class=\"wp-image-7499\" srcset=\"https:\/\/mucbo.org\/wp-content\/uploads\/2025-Jornada-de-Sant-Jordi-.jpg 1080w, https:\/\/mucbo.org\/wp-content\/uploads\/2025-Jornada-de-Sant-Jordi--768x768.jpg 768w, https:\/\/mucbo.org\/wp-content\/uploads\/2025-Jornada-de-Sant-Jordi--300x300.jpg 300w, https:\/\/mucbo.org\/wp-content\/uploads\/2025-Jornada-de-Sant-Jordi--600x600.jpg 600w, https:\/\/mucbo.org\/wp-content\/uploads\/2025-Jornada-de-Sant-Jordi--100x100.jpg 100w\" sizes=\"(max-width: 1080px) 100vw, 1080px\" \/><\/figure>\n\n<figure class=\"wp-block-image size-full\"><img decoding=\"async\" width=\"1080\" height=\"1080\" data-id=\"7529\" src=\"https:\/\/mucbo.org\/wp-content\/uploads\/2-1.jpg\" alt=\"\" class=\"wp-image-7529\" srcset=\"https:\/\/mucbo.org\/wp-content\/uploads\/2-1.jpg 1080w, https:\/\/mucbo.org\/wp-content\/uploads\/2-1-768x768.jpg 768w, https:\/\/mucbo.org\/wp-content\/uploads\/2-1-300x300.jpg 300w, https:\/\/mucbo.org\/wp-content\/uploads\/2-1-600x600.jpg 600w, https:\/\/mucbo.org\/wp-content\/uploads\/2-1-100x100.jpg 100w\" sizes=\"(max-width: 1080px) 100vw, 1080px\" \/><\/figure>\n\n<figure class=\"wp-block-image size-full\"><img decoding=\"async\" width=\"1080\" height=\"1080\" data-id=\"7562\" src=\"https:\/\/mucbo.org\/wp-content\/uploads\/3-2.jpg\" alt=\"\" class=\"wp-image-7562\" srcset=\"https:\/\/mucbo.org\/wp-content\/uploads\/3-2.jpg 1080w, https:\/\/mucbo.org\/wp-content\/uploads\/3-2-768x768.jpg 768w, https:\/\/mucbo.org\/wp-content\/uploads\/3-2-300x300.jpg 300w, https:\/\/mucbo.org\/wp-content\/uploads\/3-2-600x600.jpg 600w, https:\/\/mucbo.org\/wp-content\/uploads\/3-2-100x100.jpg 100w\" sizes=\"(max-width: 1080px) 100vw, 1080px\" \/><\/figure>\n\n<figure class=\"wp-block-image size-full\"><img decoding=\"async\" width=\"1080\" height=\"1080\" data-id=\"7568\" src=\"https:\/\/mucbo.org\/wp-content\/uploads\/4-3.jpg\" alt=\"\" class=\"wp-image-7568\" srcset=\"https:\/\/mucbo.org\/wp-content\/uploads\/4-3.jpg 1080w, https:\/\/mucbo.org\/wp-content\/uploads\/4-3-768x768.jpg 768w, https:\/\/mucbo.org\/wp-content\/uploads\/4-3-300x300.jpg 300w, https:\/\/mucbo.org\/wp-content\/uploads\/4-3-600x600.jpg 600w, https:\/\/mucbo.org\/wp-content\/uploads\/4-3-100x100.jpg 100w\" sizes=\"(max-width: 1080px) 100vw, 1080px\" \/><\/figure>\n\n<figure class=\"wp-block-image size-full\"><img decoding=\"async\" width=\"1080\" height=\"1080\" data-id=\"7526\" src=\"https:\/\/mucbo.org\/wp-content\/uploads\/5-1.jpg\" alt=\"\" class=\"wp-image-7526\" srcset=\"https:\/\/mucbo.org\/wp-content\/uploads\/5-1.jpg 1080w, https:\/\/mucbo.org\/wp-content\/uploads\/5-1-768x768.jpg 768w, https:\/\/mucbo.org\/wp-content\/uploads\/5-1-300x300.jpg 300w, https:\/\/mucbo.org\/wp-content\/uploads\/5-1-600x600.jpg 600w, https:\/\/mucbo.org\/wp-content\/uploads\/5-1-100x100.jpg 100w\" sizes=\"(max-width: 1080px) 100vw, 1080px\" \/><\/figure>\n\n<figure class=\"wp-block-image size-full\"><img decoding=\"async\" width=\"1080\" height=\"1080\" data-id=\"7558\" src=\"https:\/\/mucbo.org\/wp-content\/uploads\/6-2.jpg\" alt=\"\" class=\"wp-image-7558\" srcset=\"https:\/\/mucbo.org\/wp-content\/uploads\/6-2.jpg 1080w, https:\/\/mucbo.org\/wp-content\/uploads\/6-2-768x768.jpg 768w, https:\/\/mucbo.org\/wp-content\/uploads\/6-2-300x300.jpg 300w, https:\/\/mucbo.org\/wp-content\/uploads\/6-2-600x600.jpg 600w, https:\/\/mucbo.org\/wp-content\/uploads\/6-2-100x100.jpg 100w\" sizes=\"(max-width: 1080px) 100vw, 1080px\" \/><\/figure>\n\n<figure class=\"wp-block-image size-large\"><img decoding=\"async\" width=\"1080\" height=\"1080\" data-id=\"7547\" src=\"https:\/\/mucbo.org\/wp-content\/uploads\/7-2.jpg\" alt=\"\" class=\"wp-image-7547\" srcset=\"https:\/\/mucbo.org\/wp-content\/uploads\/7-2.jpg 1080w, https:\/\/mucbo.org\/wp-content\/uploads\/7-2-768x768.jpg 768w, https:\/\/mucbo.org\/wp-content\/uploads\/7-2-300x300.jpg 300w, https:\/\/mucbo.org\/wp-content\/uploads\/7-2-600x600.jpg 600w, https:\/\/mucbo.org\/wp-content\/uploads\/7-2-100x100.jpg 100w\" sizes=\"(max-width: 1080px) 100vw, 1080px\" \/><\/figure>\n\n<figure class=\"wp-block-image size-large\"><img decoding=\"async\" width=\"1080\" height=\"1080\" data-id=\"7571\" src=\"https:\/\/mucbo.org\/wp-content\/uploads\/2025-Jornada-de-Sant-Jordi-1-1.jpg\" alt=\"\" class=\"wp-image-7571\" srcset=\"https:\/\/mucbo.org\/wp-content\/uploads\/2025-Jornada-de-Sant-Jordi-1-1.jpg 1080w, https:\/\/mucbo.org\/wp-content\/uploads\/2025-Jornada-de-Sant-Jordi-1-1-768x768.jpg 768w, https:\/\/mucbo.org\/wp-content\/uploads\/2025-Jornada-de-Sant-Jordi-1-1-300x300.jpg 300w, https:\/\/mucbo.org\/wp-content\/uploads\/2025-Jornada-de-Sant-Jordi-1-1-600x600.jpg 600w, https:\/\/mucbo.org\/wp-content\/uploads\/2025-Jornada-de-Sant-Jordi-1-1-100x100.jpg 100w\" sizes=\"(max-width: 1080px) 100vw, 1080px\" \/><\/figure>\n\n<figure class=\"wp-block-image size-full\"><img decoding=\"async\" width=\"1080\" height=\"1080\" data-id=\"7574\" src=\"https:\/\/mucbo.org\/wp-content\/uploads\/9-1.png\" alt=\"\" class=\"wp-image-7574\" srcset=\"https:\/\/mucbo.org\/wp-content\/uploads\/9-1.png 1080w, https:\/\/mucbo.org\/wp-content\/uploads\/9-1-768x768.png 768w, https:\/\/mucbo.org\/wp-content\/uploads\/9-1-300x300.png 300w, https:\/\/mucbo.org\/wp-content\/uploads\/9-1-600x600.png 600w, https:\/\/mucbo.org\/wp-content\/uploads\/9-1-100x100.png 100w\" sizes=\"(max-width: 1080px) 100vw, 1080px\" \/><\/figure><\/figure>","protected":false},"excerpt":{"rendered":"<p>At MUCBO, we celebrate Sant Jordi with a great day full of art, nature, music, and literature. On April 27th, from 10 AM to 6 PM, we will open the doors of the Botanic Garden and Museum to offer a wide range of activities such as workshops for all audiences, storytelling, treasure hunts, literary presentations, [&hellip;]<\/p>\n","protected":false},"author":4,"featured_media":7500,"comment_status":"closed","ping_status":"closed","sticky":false,"template":"","format":"standard","meta":{"_acf_changed":false,"footnotes":""},"categories":[138,140],"tags":[],"class_list":["post-7628","post","type-post","status-publish","format-standard","has-post-thumbnail","hentry","category-activities","category-past-activities"],"acf":[],"yoast_head":"<!-- This site is optimized with the Yoast SEO plugin v24.2 - https:\/\/yoast.com\/wordpress\/plugins\/seo\/ -->\n<title>Jornada de SANT JORDI AL MUCBO - MUCBO<\/title>\n<meta name=\"robots\" content=\"index, follow, max-snippet:-1, max-image-preview:large, max-video-preview:-1\" \/>\n<link rel=\"canonical\" href=\"https:\/\/mucbo.org\/en\/jornada-de-sant-jordi-al-mucbo\/\" \/>\n<meta property=\"og:locale\" content=\"en_US\" \/>\n<meta property=\"og:type\" content=\"article\" \/>\n<meta property=\"og:title\" content=\"Jornada de SANT JORDI AL MUCBO - MUCBO\" \/>\n<meta property=\"og:description\" content=\"At MUCBO, we celebrate Sant Jordi with a great day full of art, nature, music, and literature. On April 27th, from 10 AM to 6 PM, we will open the doors of the Botanic Garden and Museum to offer a wide range of activities such as workshops for all audiences, storytelling, treasure hunts, literary presentations, [&hellip;]\" \/>\n<meta property=\"og:url\" content=\"https:\/\/mucbo.org\/en\/jornada-de-sant-jordi-al-mucbo\/\" \/>\n<meta property=\"og:site_name\" content=\"MUCBO\" \/>\n<meta property=\"article:published_time\" content=\"2025-03-25T09:35:32+00:00\" \/>\n<meta property=\"article:modified_time\" content=\"2025-04-01T08:16:12+00:00\" \/>\n<meta property=\"og:image\" content=\"https:\/\/mucbo.org\/wp-content\/uploads\/2025-Jornada-de-Sant-Jordi-.jpg\" \/>\n\t<meta property=\"og:image:width\" content=\"1080\" \/>\n\t<meta property=\"og:image:height\" content=\"1080\" \/>\n\t<meta property=\"og:image:type\" content=\"image\/jpeg\" \/>\n<meta name=\"author\" content=\"malena\" \/>\n<meta name=\"twitter:card\" content=\"summary_large_image\" \/>\n<meta name=\"twitter:label1\" content=\"Written by\" \/>\n\t<meta name=\"twitter:data1\" content=\"malena\" \/>\n\t<meta name=\"twitter:label2\" content=\"Est. reading time\" \/>\n\t<meta name=\"twitter:data2\" content=\"3 minutes\" \/>\n<script type=\"application\/ld+json\" class=\"yoast-schema-graph\">{\"@context\":\"https:\/\/schema.org\",\"@graph\":[{\"@type\":\"WebPage\",\"@id\":\"https:\/\/mucbo.org\/en\/jornada-de-sant-jordi-al-mucbo\/\",\"url\":\"https:\/\/mucbo.org\/en\/jornada-de-sant-jordi-al-mucbo\/\",\"name\":\"Jornada de SANT JORDI AL MUCBO - MUCBO\",\"isPartOf\":{\"@id\":\"https:\/\/mucbo.org\/en\/#website\"},\"primaryImageOfPage\":{\"@id\":\"https:\/\/mucbo.org\/en\/jornada-de-sant-jordi-al-mucbo\/#primaryimage\"},\"image\":{\"@id\":\"https:\/\/mucbo.org\/en\/jornada-de-sant-jordi-al-mucbo\/#primaryimage\"},\"thumbnailUrl\":\"https:\/\/mucbo.org\/wp-content\/uploads\/2025-Jornada-de-Sant-Jordi-.jpg\",\"datePublished\":\"2025-03-25T09:35:32+00:00\",\"dateModified\":\"2025-04-01T08:16:12+00:00\",\"author\":{\"@id\":\"https:\/\/mucbo.org\/en\/#\/schema\/person\/6960a8294e5a404ddd31b1c8ef1a75b9\"},\"breadcrumb\":{\"@id\":\"https:\/\/mucbo.org\/en\/jornada-de-sant-jordi-al-mucbo\/#breadcrumb\"},\"inLanguage\":\"en-US\",\"potentialAction\":[{\"@type\":\"ReadAction\",\"target\":[\"https:\/\/mucbo.org\/en\/jornada-de-sant-jordi-al-mucbo\/\"]}]},{\"@type\":\"ImageObject\",\"inLanguage\":\"en-US\",\"@id\":\"https:\/\/mucbo.org\/en\/jornada-de-sant-jordi-al-mucbo\/#primaryimage\",\"url\":\"https:\/\/mucbo.org\/wp-content\/uploads\/2025-Jornada-de-Sant-Jordi-.jpg\",\"contentUrl\":\"https:\/\/mucbo.org\/wp-content\/uploads\/2025-Jornada-de-Sant-Jordi-.jpg\",\"width\":1080,\"height\":1080},{\"@type\":\"BreadcrumbList\",\"@id\":\"https:\/\/mucbo.org\/en\/jornada-de-sant-jordi-al-mucbo\/#breadcrumb\",\"itemListElement\":[{\"@type\":\"ListItem\",\"position\":1,\"name\":\"Inicio\",\"item\":\"https:\/\/mucbo.org\/en\/\"},{\"@type\":\"ListItem\",\"position\":2,\"name\":\"Jornada de SANT JORDI AL MUCBO\"}]},{\"@type\":\"WebSite\",\"@id\":\"https:\/\/mucbo.org\/en\/#website\",\"url\":\"https:\/\/mucbo.org\/en\/\",\"name\":\"MUCBO\",\"description\":\"Fundaci\u00f3 Jard\u00ed Bot\u00e0nic de S\u00f3ller - Museu Balear de Ci\u00e8ncies Naturals\",\"potentialAction\":[{\"@type\":\"SearchAction\",\"target\":{\"@type\":\"EntryPoint\",\"urlTemplate\":\"https:\/\/mucbo.org\/en\/?s={search_term_string}\"},\"query-input\":{\"@type\":\"PropertyValueSpecification\",\"valueRequired\":true,\"valueName\":\"search_term_string\"}}],\"inLanguage\":\"en-US\"},{\"@type\":\"Person\",\"@id\":\"https:\/\/mucbo.org\/en\/#\/schema\/person\/6960a8294e5a404ddd31b1c8ef1a75b9\",\"name\":\"malena\"}]}<\/script>\n<!-- \/ Yoast SEO plugin. -->","yoast_head_json":{"title":"Jornada de SANT JORDI AL MUCBO - MUCBO","robots":{"index":"index","follow":"follow","max-snippet":"max-snippet:-1","max-image-preview":"max-image-preview:large","max-video-preview":"max-video-preview:-1"},"canonical":"https:\/\/mucbo.org\/en\/jornada-de-sant-jordi-al-mucbo\/","og_locale":"en_US","og_type":"article","og_title":"Jornada de SANT JORDI AL MUCBO - MUCBO","og_description":"At MUCBO, we celebrate Sant Jordi with a great day full of art, nature, music, and literature. On April 27th, from 10 AM to 6 PM, we will open the doors of the Botanic Garden and Museum to offer a wide range of activities such as workshops for all audiences, storytelling, treasure hunts, literary presentations, [&hellip;]","og_url":"https:\/\/mucbo.org\/en\/jornada-de-sant-jordi-al-mucbo\/","og_site_name":"MUCBO","article_published_time":"2025-03-25T09:35:32+00:00","article_modified_time":"2025-04-01T08:16:12+00:00","og_image":[{"width":1080,"height":1080,"url":"https:\/\/mucbo.org\/wp-content\/uploads\/2025-Jornada-de-Sant-Jordi-.jpg","type":"image\/jpeg"}],"author":"malena","twitter_card":"summary_large_image","twitter_misc":{"Written by":"malena","Est. reading time":"3 minutes"},"schema":{"@context":"https:\/\/schema.org","@graph":[{"@type":"WebPage","@id":"https:\/\/mucbo.org\/en\/jornada-de-sant-jordi-al-mucbo\/","url":"https:\/\/mucbo.org\/en\/jornada-de-sant-jordi-al-mucbo\/","name":"Jornada de SANT JORDI AL MUCBO - MUCBO","isPartOf":{"@id":"https:\/\/mucbo.org\/en\/#website"},"primaryImageOfPage":{"@id":"https:\/\/mucbo.org\/en\/jornada-de-sant-jordi-al-mucbo\/#primaryimage"},"image":{"@id":"https:\/\/mucbo.org\/en\/jornada-de-sant-jordi-al-mucbo\/#primaryimage"},"thumbnailUrl":"https:\/\/mucbo.org\/wp-content\/uploads\/2025-Jornada-de-Sant-Jordi-.jpg","datePublished":"2025-03-25T09:35:32+00:00","dateModified":"2025-04-01T08:16:12+00:00","author":{"@id":"https:\/\/mucbo.org\/en\/#\/schema\/person\/6960a8294e5a404ddd31b1c8ef1a75b9"},"breadcrumb":{"@id":"https:\/\/mucbo.org\/en\/jornada-de-sant-jordi-al-mucbo\/#breadcrumb"},"inLanguage":"en-US","potentialAction":[{"@type":"ReadAction","target":["https:\/\/mucbo.org\/en\/jornada-de-sant-jordi-al-mucbo\/"]}]},{"@type":"ImageObject","inLanguage":"en-US","@id":"https:\/\/mucbo.org\/en\/jornada-de-sant-jordi-al-mucbo\/#primaryimage","url":"https:\/\/mucbo.org\/wp-content\/uploads\/2025-Jornada-de-Sant-Jordi-.jpg","contentUrl":"https:\/\/mucbo.org\/wp-content\/uploads\/2025-Jornada-de-Sant-Jordi-.jpg","width":1080,"height":1080},{"@type":"BreadcrumbList","@id":"https:\/\/mucbo.org\/en\/jornada-de-sant-jordi-al-mucbo\/#breadcrumb","itemListElement":[{"@type":"ListItem","position":1,"name":"Inicio","item":"https:\/\/mucbo.org\/en\/"},{"@type":"ListItem","position":2,"name":"Jornada de SANT JORDI AL MUCBO"}]},{"@type":"WebSite","@id":"https:\/\/mucbo.org\/en\/#website","url":"https:\/\/mucbo.org\/en\/","name":"MUCBO","description":"Fundaci\u00f3 Jard\u00ed Bot\u00e0nic de S\u00f3ller - Museu Balear de Ci\u00e8ncies Naturals","potentialAction":[{"@type":"SearchAction","target":{"@type":"EntryPoint","urlTemplate":"https:\/\/mucbo.org\/en\/?s={search_term_string}"},"query-input":{"@type":"PropertyValueSpecification","valueRequired":true,"valueName":"search_term_string"}}],"inLanguage":"en-US"},{"@type":"Person","@id":"https:\/\/mucbo.org\/en\/#\/schema\/person\/6960a8294e5a404ddd31b1c8ef1a75b9","name":"malena"}]}},"_links":{"self":[{"href":"https:\/\/mucbo.org\/en\/wp-json\/wp\/v2\/posts\/7628","targetHints":{"allow":["GET"]}}],"collection":[{"href":"https:\/\/mucbo.org\/en\/wp-json\/wp\/v2\/posts"}],"about":[{"href":"https:\/\/mucbo.org\/en\/wp-json\/wp\/v2\/types\/post"}],"author":[{"embeddable":true,"href":"https:\/\/mucbo.org\/en\/wp-json\/wp\/v2\/users\/4"}],"replies":[{"embeddable":true,"href":"https:\/\/mucbo.org\/en\/wp-json\/wp\/v2\/comments?post=7628"}],"version-history":[{"count":1,"href":"https:\/\/mucbo.org\/en\/wp-json\/wp\/v2\/posts\/7628\/revisions"}],"predecessor-version":[{"id":7631,"href":"https:\/\/mucbo.org\/en\/wp-json\/wp\/v2\/posts\/7628\/revisions\/7631"}],"wp:featuredmedia":[{"embeddable":true,"href":"https:\/\/mucbo.org\/en\/wp-json\/wp\/v2\/media\/7500"}],"wp:attachment":[{"href":"https:\/\/mucbo.org\/en\/wp-json\/wp\/v2\/media?parent=7628"}],"wp:term":[{"taxonomy":"category","embeddable":true,"href":"https:\/\/mucbo.org\/en\/wp-json\/wp\/v2\/categories?post=7628"},{"taxonomy":"post_tag","embeddable":true,"href":"https:\/\/mucbo.org\/en\/wp-json\/wp\/v2\/tags?post=7628"}],"curies":[{"name":"wp","href":"https:\/\/api.w.org\/{rel}","templated":true}]}}