{"id":4599,"date":"2024-07-30T11:17:00","date_gmt":"2024-07-30T09:17:00","guid":{"rendered":"https:\/\/mucbo.org\/seguint-les-passes-de-les-someretes-de-la-ma-de-lluc-garcia\/"},"modified":"2024-07-30T11:17:00","modified_gmt":"2024-07-30T09:17:00","slug":"seguint-les-passes-de-les-someretes-de-la-ma-de-lluc-garcia","status":"publish","type":"post","link":"https:\/\/mucbo.org\/en\/seguint-les-passes-de-les-someretes-de-la-ma-de-lluc-garcia\/","title":{"rendered":"Seguint les passes de les SOMERETES de la m\u00e0 de Lluc Garcia"},"content":{"rendered":"<p>El passat 25 de juliol ens reun\u00edrem al MUCBO per con\u00e8ixer l\u2019exitosa aventura evolutiva de les someretes. En aquesta confer\u00e8ncia, organitzada per la Societat d\u2019Amics, el naturalista Lluc Garcia compart\u00ed amb les assistents curiositats sobre aquest grup d\u2019organismes. L\u2019investigador, especialitzat en l\u2019estudi de les someretes, explic\u00e0 aspectes importants sobre la biologia d\u2019aquests \u00e9ssers. Sab\u00edeu que s\u00f3n els \u00fanics crustacis terrestres del m\u00f3n? Garcia explic\u00e0 les diferents adaptacions que aquests \u00e9ssers han adoptat per viure a l\u2019ecosistema terrestre i compart\u00ed algunes curiositats del grup, mostrant exemples d\u2019esp\u00e8cies d\u2019arreu del m\u00f3n i tamb\u00e9 la diversitat illenca.<\/p><p>Des d\u2019aqu\u00ed aprofitam per donar les gr\u00e0cies a tots els assistents i a la Societat d\u2019Amics per fer-ho possible.<\/p>","protected":false},"excerpt":{"rendered":"<p>El passat 25 de juliol ens reun\u00edrem al MUCBO per con\u00e8ixer l\u2019exitosa aventura evolutiva de les someretes. En aquesta confer\u00e8ncia, organitzada per la Societat d\u2019Amics, el naturalista Lluc Garcia compart\u00ed amb les assistents curiositats sobre aquest grup d\u2019organismes. L\u2019investigador, especialitzat en l\u2019estudi de les someretes, explic\u00e0 aspectes importants sobre la biologia d\u2019aquests \u00e9ssers. Sab\u00edeu que [&hellip;]<\/p>\n","protected":false},"author":1,"featured_media":3929,"comment_status":"closed","ping_status":"closed","sticky":false,"template":"","format":"standard","meta":{"_acf_changed":false,"footnotes":""},"categories":[142],"tags":[],"class_list":["post-4599","post","type-post","status-publish","format-standard","has-post-thumbnail","hentry","category-news"],"acf":[],"yoast_head":"<!-- This site is optimized with the Yoast SEO plugin v24.2 - https:\/\/yoast.com\/wordpress\/plugins\/seo\/ -->\n<title>Seguint les passes de les SOMERETES de la m\u00e0 de Lluc Garcia - MUCBO<\/title>\n<meta name=\"robots\" content=\"index, follow, max-snippet:-1, max-image-preview:large, max-video-preview:-1\" \/>\n<link rel=\"canonical\" href=\"https:\/\/mucbo.org\/en\/seguint-les-passes-de-les-someretes-de-la-ma-de-lluc-garcia\/\" \/>\n<meta property=\"og:locale\" content=\"en_US\" \/>\n<meta property=\"og:type\" content=\"article\" \/>\n<meta property=\"og:title\" content=\"Seguint les passes de les SOMERETES de la m\u00e0 de Lluc Garcia - MUCBO\" \/>\n<meta property=\"og:description\" content=\"El passat 25 de juliol ens reun\u00edrem al MUCBO per con\u00e8ixer l\u2019exitosa aventura evolutiva de les someretes. En aquesta confer\u00e8ncia, organitzada per la Societat d\u2019Amics, el naturalista Lluc Garcia compart\u00ed amb les assistents curiositats sobre aquest grup d\u2019organismes. L\u2019investigador, especialitzat en l\u2019estudi de les someretes, explic\u00e0 aspectes importants sobre la biologia d\u2019aquests \u00e9ssers. Sab\u00edeu que [&hellip;]\" \/>\n<meta property=\"og:url\" content=\"https:\/\/mucbo.org\/en\/seguint-les-passes-de-les-someretes-de-la-ma-de-lluc-garcia\/\" \/>\n<meta property=\"og:site_name\" content=\"MUCBO\" \/>\n<meta property=\"article:published_time\" content=\"2024-07-30T09:17:00+00:00\" \/>\n<meta name=\"author\" content=\"adminsom2\" \/>\n<meta name=\"twitter:card\" content=\"summary_large_image\" \/>\n<meta name=\"twitter:label1\" content=\"Written by\" \/>\n\t<meta name=\"twitter:data1\" content=\"adminsom2\" \/>\n\t<meta name=\"twitter:label2\" content=\"Est. reading time\" \/>\n\t<meta name=\"twitter:data2\" content=\"1 minute\" \/>\n<script type=\"application\/ld+json\" class=\"yoast-schema-graph\">{\"@context\":\"https:\/\/schema.org\",\"@graph\":[{\"@type\":\"WebPage\",\"@id\":\"https:\/\/mucbo.org\/en\/seguint-les-passes-de-les-someretes-de-la-ma-de-lluc-garcia\/\",\"url\":\"https:\/\/mucbo.org\/en\/seguint-les-passes-de-les-someretes-de-la-ma-de-lluc-garcia\/\",\"name\":\"Seguint les passes de les SOMERETES de la m\u00e0 de Lluc Garcia - MUCBO\",\"isPartOf\":{\"@id\":\"https:\/\/mucbo.org\/en\/#website\"},\"primaryImageOfPage\":{\"@id\":\"https:\/\/mucbo.org\/en\/seguint-les-passes-de-les-someretes-de-la-ma-de-lluc-garcia\/#primaryimage\"},\"image\":{\"@id\":\"https:\/\/mucbo.org\/en\/seguint-les-passes-de-les-someretes-de-la-ma-de-lluc-garcia\/#primaryimage\"},\"thumbnailUrl\":\"https:\/\/mucbo.org\/wp-content\/uploads\/Seguint-les-passes-de-les-SOMERETES-de-la-ma-de-Lluc-Garcia.jpg\",\"datePublished\":\"2024-07-30T09:17:00+00:00\",\"dateModified\":\"2024-07-30T09:17:00+00:00\",\"author\":{\"@id\":\"https:\/\/mucbo.org\/en\/#\/schema\/person\/aa25e9cf777954f2df0ae5c6f836a2a8\"},\"breadcrumb\":{\"@id\":\"https:\/\/mucbo.org\/en\/seguint-les-passes-de-les-someretes-de-la-ma-de-lluc-garcia\/#breadcrumb\"},\"inLanguage\":\"en-US\",\"potentialAction\":[{\"@type\":\"ReadAction\",\"target\":[\"https:\/\/mucbo.org\/en\/seguint-les-passes-de-les-someretes-de-la-ma-de-lluc-garcia\/\"]}]},{\"@type\":\"ImageObject\",\"inLanguage\":\"en-US\",\"@id\":\"https:\/\/mucbo.org\/en\/seguint-les-passes-de-les-someretes-de-la-ma-de-lluc-garcia\/#primaryimage\",\"url\":\"https:\/\/mucbo.org\/wp-content\/uploads\/Seguint-les-passes-de-les-SOMERETES-de-la-ma-de-Lluc-Garcia.jpg\",\"contentUrl\":\"https:\/\/mucbo.org\/wp-content\/uploads\/Seguint-les-passes-de-les-SOMERETES-de-la-ma-de-Lluc-Garcia.jpg\",\"width\":1024,\"height\":768},{\"@type\":\"BreadcrumbList\",\"@id\":\"https:\/\/mucbo.org\/en\/seguint-les-passes-de-les-someretes-de-la-ma-de-lluc-garcia\/#breadcrumb\",\"itemListElement\":[{\"@type\":\"ListItem\",\"position\":1,\"name\":\"Inicio\",\"item\":\"https:\/\/mucbo.org\/en\/\"},{\"@type\":\"ListItem\",\"position\":2,\"name\":\"Seguint les passes de les SOMERETES de la m\u00e0 de Lluc Garcia\"}]},{\"@type\":\"WebSite\",\"@id\":\"https:\/\/mucbo.org\/en\/#website\",\"url\":\"https:\/\/mucbo.org\/en\/\",\"name\":\"MUCBO\",\"description\":\"Fundaci\u00f3 Jard\u00ed Bot\u00e0nic de S\u00f3ller - Museu Balear de Ci\u00e8ncies Naturals\",\"potentialAction\":[{\"@type\":\"SearchAction\",\"target\":{\"@type\":\"EntryPoint\",\"urlTemplate\":\"https:\/\/mucbo.org\/en\/?s={search_term_string}\"},\"query-input\":{\"@type\":\"PropertyValueSpecification\",\"valueRequired\":true,\"valueName\":\"search_term_string\"}}],\"inLanguage\":\"en-US\"},{\"@type\":\"Person\",\"@id\":\"https:\/\/mucbo.org\/en\/#\/schema\/person\/aa25e9cf777954f2df0ae5c6f836a2a8\",\"name\":\"adminsom2\",\"sameAs\":[\"http:\/\/mucbo.local\"]}]}<\/script>\n<!-- \/ Yoast SEO plugin. -->","yoast_head_json":{"title":"Seguint les passes de les SOMERETES de la m\u00e0 de Lluc Garcia - MUCBO","robots":{"index":"index","follow":"follow","max-snippet":"max-snippet:-1","max-image-preview":"max-image-preview:large","max-video-preview":"max-video-preview:-1"},"canonical":"https:\/\/mucbo.org\/en\/seguint-les-passes-de-les-someretes-de-la-ma-de-lluc-garcia\/","og_locale":"en_US","og_type":"article","og_title":"Seguint les passes de les SOMERETES de la m\u00e0 de Lluc Garcia - MUCBO","og_description":"El passat 25 de juliol ens reun\u00edrem al MUCBO per con\u00e8ixer l\u2019exitosa aventura evolutiva de les someretes. En aquesta confer\u00e8ncia, organitzada per la Societat d\u2019Amics, el naturalista Lluc Garcia compart\u00ed amb les assistents curiositats sobre aquest grup d\u2019organismes. L\u2019investigador, especialitzat en l\u2019estudi de les someretes, explic\u00e0 aspectes importants sobre la biologia d\u2019aquests \u00e9ssers. Sab\u00edeu que [&hellip;]","og_url":"https:\/\/mucbo.org\/en\/seguint-les-passes-de-les-someretes-de-la-ma-de-lluc-garcia\/","og_site_name":"MUCBO","article_published_time":"2024-07-30T09:17:00+00:00","author":"adminsom2","twitter_card":"summary_large_image","twitter_misc":{"Written by":"adminsom2","Est. reading time":"1 minute"},"schema":{"@context":"https:\/\/schema.org","@graph":[{"@type":"WebPage","@id":"https:\/\/mucbo.org\/en\/seguint-les-passes-de-les-someretes-de-la-ma-de-lluc-garcia\/","url":"https:\/\/mucbo.org\/en\/seguint-les-passes-de-les-someretes-de-la-ma-de-lluc-garcia\/","name":"Seguint les passes de les SOMERETES de la m\u00e0 de Lluc Garcia - MUCBO","isPartOf":{"@id":"https:\/\/mucbo.org\/en\/#website"},"primaryImageOfPage":{"@id":"https:\/\/mucbo.org\/en\/seguint-les-passes-de-les-someretes-de-la-ma-de-lluc-garcia\/#primaryimage"},"image":{"@id":"https:\/\/mucbo.org\/en\/seguint-les-passes-de-les-someretes-de-la-ma-de-lluc-garcia\/#primaryimage"},"thumbnailUrl":"https:\/\/mucbo.org\/wp-content\/uploads\/Seguint-les-passes-de-les-SOMERETES-de-la-ma-de-Lluc-Garcia.jpg","datePublished":"2024-07-30T09:17:00+00:00","dateModified":"2024-07-30T09:17:00+00:00","author":{"@id":"https:\/\/mucbo.org\/en\/#\/schema\/person\/aa25e9cf777954f2df0ae5c6f836a2a8"},"breadcrumb":{"@id":"https:\/\/mucbo.org\/en\/seguint-les-passes-de-les-someretes-de-la-ma-de-lluc-garcia\/#breadcrumb"},"inLanguage":"en-US","potentialAction":[{"@type":"ReadAction","target":["https:\/\/mucbo.org\/en\/seguint-les-passes-de-les-someretes-de-la-ma-de-lluc-garcia\/"]}]},{"@type":"ImageObject","inLanguage":"en-US","@id":"https:\/\/mucbo.org\/en\/seguint-les-passes-de-les-someretes-de-la-ma-de-lluc-garcia\/#primaryimage","url":"https:\/\/mucbo.org\/wp-content\/uploads\/Seguint-les-passes-de-les-SOMERETES-de-la-ma-de-Lluc-Garcia.jpg","contentUrl":"https:\/\/mucbo.org\/wp-content\/uploads\/Seguint-les-passes-de-les-SOMERETES-de-la-ma-de-Lluc-Garcia.jpg","width":1024,"height":768},{"@type":"BreadcrumbList","@id":"https:\/\/mucbo.org\/en\/seguint-les-passes-de-les-someretes-de-la-ma-de-lluc-garcia\/#breadcrumb","itemListElement":[{"@type":"ListItem","position":1,"name":"Inicio","item":"https:\/\/mucbo.org\/en\/"},{"@type":"ListItem","position":2,"name":"Seguint les passes de les SOMERETES de la m\u00e0 de Lluc Garcia"}]},{"@type":"WebSite","@id":"https:\/\/mucbo.org\/en\/#website","url":"https:\/\/mucbo.org\/en\/","name":"MUCBO","description":"Fundaci\u00f3 Jard\u00ed Bot\u00e0nic de S\u00f3ller - Museu Balear de Ci\u00e8ncies Naturals","potentialAction":[{"@type":"SearchAction","target":{"@type":"EntryPoint","urlTemplate":"https:\/\/mucbo.org\/en\/?s={search_term_string}"},"query-input":{"@type":"PropertyValueSpecification","valueRequired":true,"valueName":"search_term_string"}}],"inLanguage":"en-US"},{"@type":"Person","@id":"https:\/\/mucbo.org\/en\/#\/schema\/person\/aa25e9cf777954f2df0ae5c6f836a2a8","name":"adminsom2","sameAs":["http:\/\/mucbo.local"]}]}},"_links":{"self":[{"href":"https:\/\/mucbo.org\/en\/wp-json\/wp\/v2\/posts\/4599","targetHints":{"allow":["GET"]}}],"collection":[{"href":"https:\/\/mucbo.org\/en\/wp-json\/wp\/v2\/posts"}],"about":[{"href":"https:\/\/mucbo.org\/en\/wp-json\/wp\/v2\/types\/post"}],"author":[{"embeddable":true,"href":"https:\/\/mucbo.org\/en\/wp-json\/wp\/v2\/users\/1"}],"replies":[{"embeddable":true,"href":"https:\/\/mucbo.org\/en\/wp-json\/wp\/v2\/comments?post=4599"}],"version-history":[{"count":0,"href":"https:\/\/mucbo.org\/en\/wp-json\/wp\/v2\/posts\/4599\/revisions"}],"wp:featuredmedia":[{"embeddable":true,"href":"https:\/\/mucbo.org\/en\/wp-json\/wp\/v2\/media\/3929"}],"wp:attachment":[{"href":"https:\/\/mucbo.org\/en\/wp-json\/wp\/v2\/media?parent=4599"}],"wp:term":[{"taxonomy":"category","embeddable":true,"href":"https:\/\/mucbo.org\/en\/wp-json\/wp\/v2\/categories?post=4599"},{"taxonomy":"post_tag","embeddable":true,"href":"https:\/\/mucbo.org\/en\/wp-json\/wp\/v2\/tags?post=4599"}],"curies":[{"name":"wp","href":"https:\/\/api.w.org\/{rel}","templated":true}]}}