{"id":12563,"date":"2026-09-03T14:41:15","date_gmt":"2026-09-03T12:41:15","guid":{"rendered":"https:\/\/mucbo.org\/el-mucbo-presenta-dues-noves-animacions-audiovisuals-sobre-les-coves-i-els-aquifers\/"},"modified":"2026-09-03T14:41:15","modified_gmt":"2026-09-03T12:41:15","slug":"el-mucbo-presenta-dues-noves-animacions-audiovisuals-sobre-les-coves-i-els-aquifers","status":"publish","type":"post","link":"https:\/\/mucbo.org\/en\/el-mucbo-presenta-dues-noves-animacions-audiovisuals-sobre-les-coves-i-els-aquifers\/","title":{"rendered":"El MUCBO presenta dues noves animacions audiovisuals sobre les coves i els aq\u00fc\u00edfers."},"content":{"rendered":"<p class=\"has-medium-font-size wp-block-paragraph\">Un nou material de divulgaci\u00f3 per a donar a con\u00e8ixer com es formen les cavitats subterr\u00e0nies de les illes i sobre el funcionament i la import\u00e0ncia dels aq\u00fc\u00edfers.<\/p><p class=\"wp-block-paragraph\">El MUCBO ha incorporat dues noves animacions audiovisuals als materials de divulgaci\u00f3 sobre geologia gr\u00e0cies al projecte \u00abLes coves i els aq\u00fc\u00edfers: dos tresors amagats de la geologia balear\u00bb, projecte finan\u00e7at pel Govern de les Illes Balears a trav\u00e9s de l\u2019Impost del Turisme Sostenible.<\/p><p class=\"wp-block-paragraph\">L&#8217;actuaci\u00f3 ha perm\u00e8s crear dos recursos audiovisuals cient\u00edfics i divulgatius que contribueixen a enriquir el discurs expositiu del Museu i a refor\u00e7ar la seva funci\u00f3 de divulgaci\u00f3 cient\u00edfica i sensibilitzaci\u00f3 ambiental. Les animacions, disponibles en catal\u00e0, castell\u00e0 i angl\u00e8s, formaran part de les exposicions de geologia i s&#8217;adrecen tant al p\u00fablic general com als nombrosos grups escolars que visiten anualment el centre.<\/p><p class=\"wp-block-paragraph\">La primera pe\u00e7a, La formaci\u00f3 d&#8217;una cova, explica els processos geol\u00f2gics que donen lloc a la creaci\u00f3 de galeries subterr\u00e0nies, estalactites i estalagmites. La segona, El funcionament d&#8217;un aq\u00fc\u00edfer, mostra el recorregut de l&#8217;aigua des de la seva infiltraci\u00f3 al s\u00f2l fins a la rec\u00e0rrega dels aq\u00fc\u00edfers, i posa de manifest la seva import\u00e0ncia com a recurs h\u00eddric essencial, aix\u00ed com els riscos associats a la sobreexplotaci\u00f3 i la contaminaci\u00f3.<\/p><p class=\"wp-block-paragraph\">Aquest projecte representa tamb\u00e9 una passa important en la modernitzaci\u00f3 museogr\u00e0fica del MUCBO, que incorpora per primera vegada animacions als espais expositius. D&#8217;aquesta manera, el Museu amplia les eines disponibles per apropar al p\u00fablic el coneixement del patrimoni geol\u00f2gic balear i fomentar una major conscienciaci\u00f3 sobre la necessitat de preservar recursos naturals tan valuosos com les coves i els aq\u00fc\u00edfers.<\/p><p class=\"wp-block-paragraph\"><\/p><p class=\"wp-block-paragraph\"><\/p><figure class=\"wp-block-video aligncenter\"><video height=\"1350\" style=\"aspect-ratio: 1080 \/ 1350;\" width=\"1080\" controls src=\"https:\/\/mucbo.org\/wp-content\/uploads\/Caves-spelunker-2.mp4\"><\/video><figcaption class=\"wp-element-caption\">Extracte d&#8217;una de les animacions<\/figcaption><\/figure><p class=\"wp-block-paragraph\"><\/p><figure class=\"wp-block-image size-full is-resized\"><img decoding=\"async\" width=\"591\" height=\"275\" src=\"https:\/\/mucbo.org\/wp-content\/uploads\/IllesSostenibles_CAT_col-3.jpg\" alt=\"\" class=\"wp-image-10823\" style=\"aspect-ratio:2.149278327082623;width:131px;height:auto\" \/><\/figure>","protected":false},"excerpt":{"rendered":"<p>Un nou material de divulgaci\u00f3 per a donar a con\u00e8ixer com es formen les cavitats subterr\u00e0nies de les illes i sobre el funcionament i la import\u00e0ncia dels aq\u00fc\u00edfers. El MUCBO ha incorporat dues noves animacions audiovisuals als materials de divulgaci\u00f3 sobre geologia gr\u00e0cies al projecte \u00abLes coves i els aq\u00fc\u00edfers: dos tresors amagats de la [&hellip;]<\/p>\n","protected":false},"author":6,"featured_media":12553,"comment_status":"closed","ping_status":"closed","sticky":false,"template":"","format":"standard","meta":{"_acf_changed":false,"footnotes":""},"categories":[142],"tags":[],"class_list":["post-12563","post","type-post","status-publish","format-standard","has-post-thumbnail","hentry","category-news"],"acf":[],"yoast_head":"<!-- This site is optimized with the Yoast SEO plugin v24.2 - https:\/\/yoast.com\/wordpress\/plugins\/seo\/ -->\n<title>El MUCBO presenta dues noves animacions audiovisuals sobre les coves i els aq\u00fc\u00edfers. - MUCBO<\/title>\n<meta name=\"robots\" content=\"index, follow, max-snippet:-1, max-image-preview:large, max-video-preview:-1\" \/>\n<link rel=\"canonical\" href=\"https:\/\/mucbo.org\/en\/el-mucbo-presenta-dues-noves-animacions-audiovisuals-sobre-les-coves-i-els-aquifers\/\" \/>\n<meta property=\"og:locale\" content=\"en_US\" \/>\n<meta property=\"og:type\" content=\"article\" \/>\n<meta property=\"og:title\" content=\"El MUCBO presenta dues noves animacions audiovisuals sobre les coves i els aq\u00fc\u00edfers. - MUCBO\" \/>\n<meta property=\"og:description\" content=\"Un nou material de divulgaci\u00f3 per a donar a con\u00e8ixer com es formen les cavitats subterr\u00e0nies de les illes i sobre el funcionament i la import\u00e0ncia dels aq\u00fc\u00edfers. El MUCBO ha incorporat dues noves animacions audiovisuals als materials de divulgaci\u00f3 sobre geologia gr\u00e0cies al projecte \u00abLes coves i els aq\u00fc\u00edfers: dos tresors amagats de la [&hellip;]\" \/>\n<meta property=\"og:url\" content=\"https:\/\/mucbo.org\/en\/el-mucbo-presenta-dues-noves-animacions-audiovisuals-sobre-les-coves-i-els-aquifers\/\" \/>\n<meta property=\"og:site_name\" content=\"MUCBO\" \/>\n<meta property=\"article:published_time\" content=\"2026-09-03T12:41:15+00:00\" \/>\n<meta property=\"og:image\" content=\"https:\/\/mucbo.org\/wp-content\/uploads\/IllesSostenibles_CAT_col-3.jpg\" \/>\n\t<meta property=\"og:image:width\" content=\"591\" \/>\n\t<meta property=\"og:image:height\" content=\"275\" \/>\n\t<meta property=\"og:image:type\" content=\"image\/jpeg\" \/>\n<meta name=\"author\" content=\"mpcloquell\" \/>\n<meta name=\"twitter:card\" content=\"summary_large_image\" \/>\n<meta name=\"twitter:label1\" content=\"Written by\" \/>\n\t<meta name=\"twitter:data1\" content=\"mpcloquell\" \/>\n\t<meta name=\"twitter:label2\" content=\"Est. reading time\" \/>\n\t<meta name=\"twitter:data2\" content=\"1 minute\" \/>\n<script type=\"application\/ld+json\" class=\"yoast-schema-graph\">{\"@context\":\"https:\/\/schema.org\",\"@graph\":[{\"@type\":\"WebPage\",\"@id\":\"https:\/\/mucbo.org\/en\/el-mucbo-presenta-dues-noves-animacions-audiovisuals-sobre-les-coves-i-els-aquifers\/\",\"url\":\"https:\/\/mucbo.org\/en\/el-mucbo-presenta-dues-noves-animacions-audiovisuals-sobre-les-coves-i-els-aquifers\/\",\"name\":\"El MUCBO presenta dues noves animacions audiovisuals sobre les coves i els aq\u00fc\u00edfers. - MUCBO\",\"isPartOf\":{\"@id\":\"https:\/\/mucbo.org\/en\/#website\"},\"primaryImageOfPage\":{\"@id\":\"https:\/\/mucbo.org\/en\/el-mucbo-presenta-dues-noves-animacions-audiovisuals-sobre-les-coves-i-els-aquifers\/#primaryimage\"},\"image\":{\"@id\":\"https:\/\/mucbo.org\/en\/el-mucbo-presenta-dues-noves-animacions-audiovisuals-sobre-les-coves-i-els-aquifers\/#primaryimage\"},\"thumbnailUrl\":\"https:\/\/mucbo.org\/wp-content\/uploads\/Captura-de-pantalla-2026-09-03-135157.jpg\",\"datePublished\":\"2026-09-03T12:41:15+00:00\",\"dateModified\":\"2026-09-03T12:41:15+00:00\",\"author\":{\"@id\":\"https:\/\/mucbo.org\/en\/#\/schema\/person\/af988b76257e083c4560ef156b2e2cb1\"},\"breadcrumb\":{\"@id\":\"https:\/\/mucbo.org\/en\/el-mucbo-presenta-dues-noves-animacions-audiovisuals-sobre-les-coves-i-els-aquifers\/#breadcrumb\"},\"inLanguage\":\"en-US\",\"potentialAction\":[{\"@type\":\"ReadAction\",\"target\":[\"https:\/\/mucbo.org\/en\/el-mucbo-presenta-dues-noves-animacions-audiovisuals-sobre-les-coves-i-els-aquifers\/\"]}]},{\"@type\":\"ImageObject\",\"inLanguage\":\"en-US\",\"@id\":\"https:\/\/mucbo.org\/en\/el-mucbo-presenta-dues-noves-animacions-audiovisuals-sobre-les-coves-i-els-aquifers\/#primaryimage\",\"url\":\"https:\/\/mucbo.org\/wp-content\/uploads\/Captura-de-pantalla-2026-09-03-135157.jpg\",\"contentUrl\":\"https:\/\/mucbo.org\/wp-content\/uploads\/Captura-de-pantalla-2026-09-03-135157.jpg\",\"width\":743,\"height\":825},{\"@type\":\"BreadcrumbList\",\"@id\":\"https:\/\/mucbo.org\/en\/el-mucbo-presenta-dues-noves-animacions-audiovisuals-sobre-les-coves-i-els-aquifers\/#breadcrumb\",\"itemListElement\":[{\"@type\":\"ListItem\",\"position\":1,\"name\":\"Inicio\",\"item\":\"https:\/\/mucbo.org\/en\/\"},{\"@type\":\"ListItem\",\"position\":2,\"name\":\"El MUCBO presenta dues noves animacions audiovisuals sobre les coves i els aq\u00fc\u00edfers.\"}]},{\"@type\":\"WebSite\",\"@id\":\"https:\/\/mucbo.org\/en\/#website\",\"url\":\"https:\/\/mucbo.org\/en\/\",\"name\":\"MUCBO\",\"description\":\"Fundaci\u00f3 Jard\u00ed Bot\u00e0nic de S\u00f3ller - Museu Balear de Ci\u00e8ncies Naturals\",\"potentialAction\":[{\"@type\":\"SearchAction\",\"target\":{\"@type\":\"EntryPoint\",\"urlTemplate\":\"https:\/\/mucbo.org\/en\/?s={search_term_string}\"},\"query-input\":{\"@type\":\"PropertyValueSpecification\",\"valueRequired\":true,\"valueName\":\"search_term_string\"}}],\"inLanguage\":\"en-US\"},{\"@type\":\"Person\",\"@id\":\"https:\/\/mucbo.org\/en\/#\/schema\/person\/af988b76257e083c4560ef156b2e2cb1\",\"name\":\"mpcloquell\"}]}<\/script>\n<!-- \/ Yoast SEO plugin. -->","yoast_head_json":{"title":"El MUCBO presenta dues noves animacions audiovisuals sobre les coves i els aq\u00fc\u00edfers. - MUCBO","robots":{"index":"index","follow":"follow","max-snippet":"max-snippet:-1","max-image-preview":"max-image-preview:large","max-video-preview":"max-video-preview:-1"},"canonical":"https:\/\/mucbo.org\/en\/el-mucbo-presenta-dues-noves-animacions-audiovisuals-sobre-les-coves-i-els-aquifers\/","og_locale":"en_US","og_type":"article","og_title":"El MUCBO presenta dues noves animacions audiovisuals sobre les coves i els aq\u00fc\u00edfers. - MUCBO","og_description":"Un nou material de divulgaci\u00f3 per a donar a con\u00e8ixer com es formen les cavitats subterr\u00e0nies de les illes i sobre el funcionament i la import\u00e0ncia dels aq\u00fc\u00edfers. El MUCBO ha incorporat dues noves animacions audiovisuals als materials de divulgaci\u00f3 sobre geologia gr\u00e0cies al projecte \u00abLes coves i els aq\u00fc\u00edfers: dos tresors amagats de la [&hellip;]","og_url":"https:\/\/mucbo.org\/en\/el-mucbo-presenta-dues-noves-animacions-audiovisuals-sobre-les-coves-i-els-aquifers\/","og_site_name":"MUCBO","article_published_time":"2026-09-03T12:41:15+00:00","og_image":[{"width":591,"height":275,"url":"https:\/\/mucbo.org\/wp-content\/uploads\/IllesSostenibles_CAT_col-3.jpg","type":"image\/jpeg"}],"author":"mpcloquell","twitter_card":"summary_large_image","twitter_misc":{"Written by":"mpcloquell","Est. reading time":"1 minute"},"schema":{"@context":"https:\/\/schema.org","@graph":[{"@type":"WebPage","@id":"https:\/\/mucbo.org\/en\/el-mucbo-presenta-dues-noves-animacions-audiovisuals-sobre-les-coves-i-els-aquifers\/","url":"https:\/\/mucbo.org\/en\/el-mucbo-presenta-dues-noves-animacions-audiovisuals-sobre-les-coves-i-els-aquifers\/","name":"El MUCBO presenta dues noves animacions audiovisuals sobre les coves i els aq\u00fc\u00edfers. - MUCBO","isPartOf":{"@id":"https:\/\/mucbo.org\/en\/#website"},"primaryImageOfPage":{"@id":"https:\/\/mucbo.org\/en\/el-mucbo-presenta-dues-noves-animacions-audiovisuals-sobre-les-coves-i-els-aquifers\/#primaryimage"},"image":{"@id":"https:\/\/mucbo.org\/en\/el-mucbo-presenta-dues-noves-animacions-audiovisuals-sobre-les-coves-i-els-aquifers\/#primaryimage"},"thumbnailUrl":"https:\/\/mucbo.org\/wp-content\/uploads\/Captura-de-pantalla-2026-09-03-135157.jpg","datePublished":"2026-09-03T12:41:15+00:00","dateModified":"2026-09-03T12:41:15+00:00","author":{"@id":"https:\/\/mucbo.org\/en\/#\/schema\/person\/af988b76257e083c4560ef156b2e2cb1"},"breadcrumb":{"@id":"https:\/\/mucbo.org\/en\/el-mucbo-presenta-dues-noves-animacions-audiovisuals-sobre-les-coves-i-els-aquifers\/#breadcrumb"},"inLanguage":"en-US","potentialAction":[{"@type":"ReadAction","target":["https:\/\/mucbo.org\/en\/el-mucbo-presenta-dues-noves-animacions-audiovisuals-sobre-les-coves-i-els-aquifers\/"]}]},{"@type":"ImageObject","inLanguage":"en-US","@id":"https:\/\/mucbo.org\/en\/el-mucbo-presenta-dues-noves-animacions-audiovisuals-sobre-les-coves-i-els-aquifers\/#primaryimage","url":"https:\/\/mucbo.org\/wp-content\/uploads\/Captura-de-pantalla-2026-09-03-135157.jpg","contentUrl":"https:\/\/mucbo.org\/wp-content\/uploads\/Captura-de-pantalla-2026-09-03-135157.jpg","width":743,"height":825},{"@type":"BreadcrumbList","@id":"https:\/\/mucbo.org\/en\/el-mucbo-presenta-dues-noves-animacions-audiovisuals-sobre-les-coves-i-els-aquifers\/#breadcrumb","itemListElement":[{"@type":"ListItem","position":1,"name":"Inicio","item":"https:\/\/mucbo.org\/en\/"},{"@type":"ListItem","position":2,"name":"El MUCBO presenta dues noves animacions audiovisuals sobre les coves i els aq\u00fc\u00edfers."}]},{"@type":"WebSite","@id":"https:\/\/mucbo.org\/en\/#website","url":"https:\/\/mucbo.org\/en\/","name":"MUCBO","description":"Fundaci\u00f3 Jard\u00ed Bot\u00e0nic de S\u00f3ller - Museu Balear de Ci\u00e8ncies Naturals","potentialAction":[{"@type":"SearchAction","target":{"@type":"EntryPoint","urlTemplate":"https:\/\/mucbo.org\/en\/?s={search_term_string}"},"query-input":{"@type":"PropertyValueSpecification","valueRequired":true,"valueName":"search_term_string"}}],"inLanguage":"en-US"},{"@type":"Person","@id":"https:\/\/mucbo.org\/en\/#\/schema\/person\/af988b76257e083c4560ef156b2e2cb1","name":"mpcloquell"}]}},"_links":{"self":[{"href":"https:\/\/mucbo.org\/en\/wp-json\/wp\/v2\/posts\/12563","targetHints":{"allow":["GET"]}}],"collection":[{"href":"https:\/\/mucbo.org\/en\/wp-json\/wp\/v2\/posts"}],"about":[{"href":"https:\/\/mucbo.org\/en\/wp-json\/wp\/v2\/types\/post"}],"author":[{"embeddable":true,"href":"https:\/\/mucbo.org\/en\/wp-json\/wp\/v2\/users\/6"}],"replies":[{"embeddable":true,"href":"https:\/\/mucbo.org\/en\/wp-json\/wp\/v2\/comments?post=12563"}],"version-history":[{"count":0,"href":"https:\/\/mucbo.org\/en\/wp-json\/wp\/v2\/posts\/12563\/revisions"}],"wp:featuredmedia":[{"embeddable":true,"href":"https:\/\/mucbo.org\/en\/wp-json\/wp\/v2\/media\/12553"}],"wp:attachment":[{"href":"https:\/\/mucbo.org\/en\/wp-json\/wp\/v2\/media?parent=12563"}],"wp:term":[{"taxonomy":"category","embeddable":true,"href":"https:\/\/mucbo.org\/en\/wp-json\/wp\/v2\/categories?post=12563"},{"taxonomy":"post_tag","embeddable":true,"href":"https:\/\/mucbo.org\/en\/wp-json\/wp\/v2\/tags?post=12563"}],"curies":[{"name":"wp","href":"https:\/\/api.w.org\/{rel}","templated":true}]}}